{"id":888,"date":"2020-10-01T20:25:19","date_gmt":"2020-10-01T18:25:19","guid":{"rendered":"https:\/\/edublog.educastur.es\/unamusicadecine\/?p=888"},"modified":"2025-12-03T21:06:31","modified_gmt":"2025-12-03T19:06:31","slug":"decadas-de-los-40-y-50","status":"publish","type":"post","link":"https:\/\/edublog.educastur.es\/unamusicadecine\/2020\/10\/01\/decadas-de-los-40-y-50\/","title":{"rendered":"D\u00e9cadas de los 40 y 50."},"content":{"rendered":"<div class=\"entry\">\n<p align=\"justify\"><img loading=\"lazy\" decoding=\"async\" class=\"size-thumbnail aligncenter\" src=\"http:\/\/revistadiapason.com\/wp-content\/uploads\/2017\/01\/violeta-40-50.jpg\" width=\"586\" height=\"177\" \/><\/p>\n<p style=\"text-align: justify\" align=\"justify\"><span style=\"font-family: arial, helvetica, sans-serif\">Estas d\u00e9cadas constituyen la \u00e9poca dorada de las bandas sonoras de Hollywood, especialmente la d\u00e9cada de los 50. Hay algunos compositores esenciales que dejaron su sello particular con su m\u00fasica; es el caso de\u00a0<strong>Bernard Herrmann, Alfred Newman <\/strong>y\u00a0<strong>Mikl\u00f3s R\u00f3zsa, <\/strong>entre otros.<\/span><\/p>\n<p style=\"text-align: justify\" align=\"justify\"><span style=\"font-family: arial, helvetica, sans-serif\"><img loading=\"lazy\" decoding=\"async\" class=\"alignleft\" src=\"http:\/\/mediad.publicbroadcasting.net\/p\/wxxifm\/files\/styles\/small\/public\/201801\/Bernard-Herrmann_piano.jpg\" width=\"150\" height=\"200\" \/><strong>Herrmann<\/strong> fue un maestro de la orquestaci\u00f3n y se preocup\u00f3 del color orquestal como ning\u00fan otro compositor de la \u00e9poca. Vamos a ver algunos ejemplos de su maestr\u00eda musical.<\/span><\/p>\n<\/div>\n<div class=\"entry\">\n<ul>\n<li style=\"text-align: justify\"><span style=\"font-family: arial, helvetica, sans-serif\"><span style=\"color: #ff00ff\"><strong>Jane Eyre (<\/strong><strong>1943).\u00a0<\/strong><\/span>Una de sus primeras bandas sonoras. Un cl\u00e1sico de <b>Charlotte Bront\u00eb<\/b>.<\/span><\/li>\n<\/ul>\n<p style=\"text-align: justify\"><span style=\"font-family: arial, helvetica, sans-serif\"><img loading=\"lazy\" decoding=\"async\" class=\"n3VNCb\" src=\"https:\/\/encrypted-tbn0.gstatic.com\/images?q=tbn%3AANd9GcSP6bG6gJpGHupKUzKubE3VUPZy2I7SuMfzm2jdtXz8PA_x5BlucAIKzuhbHiawjT8S3yXv7Wdk3H_Pp0xqZ3Ksp49z7Jn-kpW1ASt1&amp;usqp=CAU&amp;ec=45707746\" alt=\"Jane Eyre (1944). Avec Orson Welles et... - Romantique Tea time with Mr. Darcy | Facebook\" width=\"159\" height=\"188\" data-noaft=\"1\" \/><\/span><\/p>\n<p style=\"text-align: justify\"><span style=\"font-family: arial, helvetica, sans-serif\">\n<!-- iframe plugin v.6.0 wordpress.org\/plugins\/iframe\/ -->\n<iframe loading=\"lazy\" width=\"560\" height=\"315\" src=\"https:\/\/www.youtube.com\/embed\/5XCqPNH8DmY\" scrolling=\"yes\" class=\"iframe-class\" frameborder=\"0\"><\/iframe>\n <\/span><\/p>\n<ul style=\"text-align: justify\">\n<li><span style=\"font-family: arial, helvetica, sans-serif\"><span style=\"color: #ff00ff\"><strong>Psicosis\u00a0<\/strong><\/span><strong><span style=\"color: #ff00ff\">(1960).<\/span><\/strong>\u00a0Con <strong>Hitchcock<\/strong> produjo una de sus obras maestras. La famosa escena de la ducha se ha convertido en un aut\u00e9ntico cl\u00e1sico del cine. Est\u00e1 escrita solo para cuerdas y con ello consigue un resultado escalofriante. Esta escena sin la m\u00fasica ya no ser\u00eda lo mismo, probad a quitar el volumen.<\/span><\/li>\n<\/ul>\n<p style=\"text-align: justify\" align=\"justify\"><span style=\"font-family: arial, helvetica, sans-serif\"><img loading=\"lazy\" decoding=\"async\" src=\"http:\/\/2.bp.blogspot.com\/_ypT97l9Z9lI\/S86UqklLRAI\/AAAAAAAAABk\/E8_NWwQhMH0\/s200\/psicosis.jpg\" width=\"150\" height=\"200\" \/><\/span><\/p>\n<p style=\"text-align: justify\" align=\"justify\"><span style=\"font-family: arial, helvetica, sans-serif\"> \n<!-- iframe plugin v.6.0 wordpress.org\/plugins\/iframe\/ -->\n<iframe loading=\"lazy\" width=\"560\" height=\"315\" src=\"https:\/\/www.youtube.com\/embed\/2AbicZl4M4Y\" scrolling=\"yes\" class=\"iframe-class\" frameborder=\"0\"><\/iframe>\n<br \/>\n<\/span><\/p>\n<p style=\"text-align: justify\" align=\"justify\"><span style=\"font-family: arial, helvetica, sans-serif\"><img loading=\"lazy\" decoding=\"async\" class=\"alignleft\" src=\"http:\/\/1.bp.blogspot.com\/-SqKW569_mno\/T2TG9O6RirI\/AAAAAAAAKSY\/I3PEuM5IsxA\/s1600\/alfred_newman.jpg\" width=\"150\" height=\"200\" \/><strong>Alfred Newman\u00a0<\/strong>\u00a0fue\u00a0famoso por las numerosas bandas sonoras que compuso en su carrera de m\u00e1s de cuarenta a\u00f1os, fue el patriarca de una dinast\u00eda de compositores para el cine y la TV \u00a0(sus hijos<strong>\u00a0David<\/strong>\u00a0y\u00a0<strong>Thomas Newman<\/strong>, y su sobrino<strong>\u00a0Randy Newman<\/strong><span style=\"color: #333333\">).<\/span><\/span><\/p>\n<p style=\"text-align: justify\" align=\"justify\"><span style=\"font-family: arial, helvetica, sans-serif\">Como curiosidad, decir que en <b>1940<\/b> firm\u00f3 con <b>20th Century-Fox<\/b> y compuso la conocida fanfarria que la acompa\u00f1a.<\/span><\/p>\n<p style=\"text-align: justify\" align=\"justify\"><span style=\"font-family: arial, helvetica, sans-serif\">\n<!-- iframe plugin v.6.0 wordpress.org\/plugins\/iframe\/ -->\n<iframe loading=\"lazy\" width=\"560\" height=\"315\" src=\"https:\/\/www.youtube.com\/embed\/LTgRm6Qgscc\" scrolling=\"yes\" class=\"iframe-class\" frameborder=\"0\"><\/iframe>\n<\/span><\/p>\n<p style=\"text-align: justify\" align=\"justify\"><span style=\"font-family: arial, helvetica, sans-serif\">Obtuvo nueve premios de la Academia, m\u00e1s que ning\u00fan otro compositor en la historia de los <i>Oscar<\/i>.<\/span><\/p>\n<ul style=\"text-align: justify\">\n<li><span style=\"font-family: arial, helvetica, sans-serif\"><strong><span style=\"color: #ff00ff\">Cumbres borrascosas (1939) <\/span><\/strong>Partitura de gran romanticismo para ilustrar esta historia de amor imposible inspirada en la magn\u00edfica novela, del mismo t\u00edtulo, de la escritora\u00a0<strong>Emily Bront\u00eb.<\/strong><\/span><\/li>\n<\/ul>\n<p style=\"text-align: justify\"><span style=\"font-family: arial, helvetica, sans-serif\"><img loading=\"lazy\" decoding=\"async\" src=\"http:\/\/cartelesmix.es\/images\/CartelesC\/cumbresborrascosas3926.jpg\" width=\"150\" height=\"200\" \/><\/span><\/p>\n<p style=\"text-align: justify\" align=\"justify\"><span style=\"font-family: arial, helvetica, sans-serif\">\n<!-- iframe plugin v.6.0 wordpress.org\/plugins\/iframe\/ -->\n<iframe loading=\"lazy\" width=\"560\" height=\"315\" src=\"https:\/\/www.youtube.com\/embed\/sQn50nmt4mA\" scrolling=\"yes\" class=\"iframe-class\" frameborder=\"0\"><\/iframe>\n<\/span><\/p>\n<ul style=\"text-align: justify\">\n<li><span style=\"font-family: arial, helvetica, sans-serif\"><strong><span style=\"color: #ff00ff\">El diario de Ana Frank (1959).\u00a0<\/span><\/strong>La m\u00fasica en este caso es la voz que expresa los sentimientos que traspasan la pantalla, para visualizar este drama de una familia jud\u00eda que se esconde en una buhardilla del horror del nazismo.<\/span><\/li>\n<\/ul>\n<p style=\"text-align: justify\"><span style=\"font-family: arial, helvetica, sans-serif\"><img loading=\"lazy\" decoding=\"async\" src=\"https:\/\/imagessl9.casadellibro.com\/m\/ig\/9\/2969289.jpg\" width=\"150\" height=\"200\" \/><\/span><\/p>\n<p style=\"text-align: justify\"><span style=\"font-family: arial, helvetica, sans-serif\">\n<!-- iframe plugin v.6.0 wordpress.org\/plugins\/iframe\/ -->\n<iframe loading=\"lazy\" width=\"560\" height=\"315\" src=\"https:\/\/www.youtube.com\/embed\/qn1fmxGIpGk\" scrolling=\"yes\" class=\"iframe-class\" frameborder=\"0\"><\/iframe>\n<br \/>\n<\/span><\/p>\n<p style=\"text-align: justify\"><span style=\"font-family: arial, helvetica, sans-serif\"><img loading=\"lazy\" decoding=\"async\" class=\"alignleft\" src=\"http:\/\/24.media.tumblr.com\/tumblr_mc385wT5e71qanh4po1_400.jpg\" width=\"150\" height=\"200\" \/><strong>Mikl\u00f3s R\u00f3zsa<\/strong> destaca por el lirismo de su m\u00fasica enraizada en la huella del folclore h\u00fangaro. Obtuvo grandes \u00e9xitos en el campo de los films hist\u00f3ricos, como veremos en el ejemplo.<\/span><\/p>\n<\/div>\n<p>&nbsp;<\/p>\n<div class=\"entry\">\n<ul>\n<li><span style=\"font-family: arial, helvetica, sans-serif\"><span style=\"color: #ff00ff\"><strong>Ben\u00a0Hur (1959).\u00a0<\/strong><\/span>Esta \u00a0pel\u00edcula consigui\u00f3 11 <i>\u00d3scar<\/i> de la Academia,\u00a0entre ellos el de mejor banda sonora.<\/span><\/li>\n<\/ul>\n<p style=\"text-align: justify\" align=\"justify\"><span style=\"font-family: arial, helvetica, sans-serif\"><img loading=\"lazy\" decoding=\"async\" src=\"http:\/\/es.web.img2.acsta.net\/pictures\/15\/03\/16\/10\/31\/174151.jpg\" width=\"150\" height=\"200\" \/><\/span><\/p>\n<p style=\"text-align: justify\"><span style=\"font-family: arial, helvetica, sans-serif\">\n<!-- iframe plugin v.6.0 wordpress.org\/plugins\/iframe\/ -->\n<iframe loading=\"lazy\" width=\"560\" height=\"315\" src=\"https:\/\/www.youtube.com\/embed\/8ZKX3wIViw0\" scrolling=\"yes\" class=\"iframe-class\" frameborder=\"0\"><\/iframe>\n<br \/>\n<\/span><\/p>\n<ul style=\"text-align: justify\">\n<li><span style=\"font-family: arial, helvetica, sans-serif\"><span style=\"color: #ff00ff\"><strong>El ladr\u00f3n de Bagdag (1940).\u00a0<\/strong><\/span><span style=\"color: #333333\">La m\u00fasica \u00a0expresa la riqueza musical del autor reflejada en forma de fantas\u00eda oriental.<\/span><\/span><\/li>\n<\/ul>\n<p style=\"text-align: justify\" align=\"justify\"><span style=\"font-family: arial, helvetica, sans-serif\"><img loading=\"lazy\" decoding=\"async\" src=\"https:\/\/pics.filmaffinity.com\/the_thief_of_bagdad-728617270-large.jpg\" width=\"150\" height=\"200\" \/><\/span><\/p>\n<p style=\"text-align: justify\"><span style=\"font-family: arial, helvetica, sans-serif\">\n<!-- iframe plugin v.6.0 wordpress.org\/plugins\/iframe\/ -->\n<iframe loading=\"lazy\" width=\"560\" height=\"315\" src=\"https:\/\/www.youtube.com\/embed\/g-qn4gJCsUE\" scrolling=\"yes\" class=\"iframe-class\" frameborder=\"0\"><\/iframe>\n<br \/>\n<\/span><\/p>\n<p style=\"text-align: justify\"><span style=\"font-family: arial, helvetica, sans-serif\"><strong>En la d\u00e9cada de los 50<\/strong> se ir\u00e1 introduciendo la m\u00fasica de jazz en las bandas sonoras rompiendo as\u00ed con el lenguaje tradicional cinematogr\u00e1fico.<\/span><\/p>\n<p style=\"text-align: justify\"><span style=\"font-family: arial, helvetica, sans-serif\">Un ejemplo de ello es <span style=\"color: #ff00ff\"><strong>\u201cUn tranv\u00eda llamado deseo\u201d (1951)\u00a0<\/strong><\/span>con m\u00fasica de <strong>Alex North. \u00a0<\/strong><\/span><\/p>\n<p style=\"text-align: justify\"><span style=\"font-family: arial, helvetica, sans-serif\"><img decoding=\"async\" src=\"http:\/\/4.bp.blogspot.com\/_OnGn3OVRidw\/SCbRR5GgPfI\/AAAAAAAADAA\/feHwdrEqnkA\/s200\/Nueva+imagen+(3).png\" \/><\/span><\/p>\n<p style=\"text-align: justify\"><span style=\"font-family: arial, helvetica, sans-serif\">\n<!-- iframe plugin v.6.0 wordpress.org\/plugins\/iframe\/ -->\n<iframe loading=\"lazy\" width=\"560\" height=\"315\" src=\"https:\/\/www.youtube.com\/embed\/ev64y1Y-FM4\" scrolling=\"yes\" class=\"iframe-class\" frameborder=\"0\"><\/iframe>\n<br \/>\n<\/span><\/p>\n<p style=\"text-align: justify\"><span style=\"font-family: arial, helvetica, sans-serif\">En <b>1985<\/b> se le concedi\u00f3 un <i>\u00d3scar honor\u00edfico<\/i> por sus destacadas bandas sonoras.<\/span><\/p>\n<p style=\"text-align: justify\"><span style=\"font-family: arial, helvetica, sans-serif\"><img loading=\"lazy\" decoding=\"async\" class=\"alignnone\" src=\"https:\/\/i.pinimg.com\/originals\/f7\/09\/fa\/f709fa1a59949b6ae8f1d674206391c2.jpg\" width=\"150\" height=\"200\" \/><\/span><\/p>\n<p style=\"text-align: center\"><span style=\"color: #0000ff\"><strong><span style=\"font-family: arial, helvetica, sans-serif\">ACTIVIDAD<img loading=\"lazy\" decoding=\"async\" class=\"alignnone size-thumbnail wp-image-8224\" src=\"http:\/\/edublog.educastur.es\/unamusicadecine\/files\/2023\/12\/D4ADBE8B-56BF-4B9F-AF53-59B44CB25317-150x150.png\" alt=\"\" width=\"150\" height=\"150\" srcset=\"https:\/\/edublog.educastur.es\/unamusicadecine\/files\/2023\/12\/D4ADBE8B-56BF-4B9F-AF53-59B44CB25317-150x150.png 150w, https:\/\/edublog.educastur.es\/unamusicadecine\/files\/2023\/12\/D4ADBE8B-56BF-4B9F-AF53-59B44CB25317-300x300.png 300w, https:\/\/edublog.educastur.es\/unamusicadecine\/files\/2023\/12\/D4ADBE8B-56BF-4B9F-AF53-59B44CB25317-85x85.png 85w, https:\/\/edublog.educastur.es\/unamusicadecine\/files\/2023\/12\/D4ADBE8B-56BF-4B9F-AF53-59B44CB25317.png 398w\" sizes=\"auto, (max-width: 150px) 100vw, 150px\" \/><\/span><\/strong><\/span><\/p>\n<ol>\n<li style=\"text-align: justify\"><span style=\"color: #ff0000\"><strong><span style=\"font-family: arial, helvetica, sans-serif\">\u00bfQu\u00e9 estilo de m\u00fasica se introduce en las bandas sonoras de los 50? Pon un ejemplo.<\/span><\/strong><\/span><\/li>\n<li style=\"text-align: justify\"><span style=\"color: #ff0000\"><strong><span style=\"font-family: arial, helvetica, sans-serif\">\u00bfQui\u00e9n ha sido el compositor que m\u00e1s premios \u00d3scar ha obtenido? \u00bfCu\u00e1ntos obtuvo?\u00a0<\/span><\/strong><\/span><\/li>\n<li style=\"text-align: justify\"><span style=\"font-family: arial, helvetica, sans-serif\"><span style=\"color: #ff0000\"><strong>\u00bfQui\u00e9n fue el maestro de la orquestaci\u00f3n? \u00bfQu\u00e9 banda sonora compuso solo para cuerdas?<\/strong><\/span> Realiza una breve biograf\u00eda de su famoso director (Ecured).<\/span><\/li>\n<li style=\"text-align: justify\"><span style=\"font-family: arial, helvetica, sans-serif\">Nombre del compositor que en 1985\u00a0se le concedi\u00f3 un\u00a0<i>\u00d3scar honor\u00edfico<\/i>\u00a0por sus destacadas bandas sonoras.<\/span><\/li>\n<li style=\"text-align: justify\"><span style=\"font-family: arial, helvetica, sans-serif\">\u00bfQu\u00e9 caracter\u00edsticas tienen las bandas sonoras de Mikl\u00f3s R\u00f3zsa? <span style=\"color: #ff0000\"><strong>\u00bfCu\u00e1l de las bandas sonoras de\u00a0 Mikl\u00f3s R\u00f3zsa consigui\u00f3 11 <i>\u00d3scar<\/i> de la Academia?<\/strong><\/span><\/span><\/li>\n<\/ol>\n<\/div>\n","protected":false},"excerpt":{"rendered":"<p>Estas d\u00e9cadas constituyen la \u00e9poca dorada de las bandas sonoras de Hollywood, especialmente la d\u00e9cada de los 50. Hay algunos compositores esenciales que dejaron su sello particular con su m\u00fasica; es el caso de\u00a0Bernard Herrmann, Alfred Newman y\u00a0Mikl\u00f3s R\u00f3zsa, entre otros. Herrmann fue un maestro de la orquestaci\u00f3n y se preocup\u00f3 del color orquestal como [&hellip;]<\/p>\n","protected":false},"author":334,"featured_media":0,"comment_status":"open","ping_status":"closed","sticky":false,"template":"","format":"standard","meta":{"footnotes":""},"categories":[4],"tags":[],"class_list":["post-888","post","type-post","status-publish","format-standard","hentry","category-evolucion-de-la-musica-de-cine"],"_links":{"self":[{"href":"https:\/\/edublog.educastur.es\/unamusicadecine\/wp-json\/wp\/v2\/posts\/888","targetHints":{"allow":["GET"]}}],"collection":[{"href":"https:\/\/edublog.educastur.es\/unamusicadecine\/wp-json\/wp\/v2\/posts"}],"about":[{"href":"https:\/\/edublog.educastur.es\/unamusicadecine\/wp-json\/wp\/v2\/types\/post"}],"author":[{"embeddable":true,"href":"https:\/\/edublog.educastur.es\/unamusicadecine\/wp-json\/wp\/v2\/users\/334"}],"replies":[{"embeddable":true,"href":"https:\/\/edublog.educastur.es\/unamusicadecine\/wp-json\/wp\/v2\/comments?post=888"}],"version-history":[{"count":19,"href":"https:\/\/edublog.educastur.es\/unamusicadecine\/wp-json\/wp\/v2\/posts\/888\/revisions"}],"predecessor-version":[{"id":9136,"href":"https:\/\/edublog.educastur.es\/unamusicadecine\/wp-json\/wp\/v2\/posts\/888\/revisions\/9136"}],"wp:attachment":[{"href":"https:\/\/edublog.educastur.es\/unamusicadecine\/wp-json\/wp\/v2\/media?parent=888"}],"wp:term":[{"taxonomy":"category","embeddable":true,"href":"https:\/\/edublog.educastur.es\/unamusicadecine\/wp-json\/wp\/v2\/categories?post=888"},{"taxonomy":"post_tag","embeddable":true,"href":"https:\/\/edublog.educastur.es\/unamusicadecine\/wp-json\/wp\/v2\/tags?post=888"}],"curies":[{"name":"wp","href":"https:\/\/api.w.org\/{rel}","templated":true}]}}