{"id":956,"date":"2020-10-02T20:11:07","date_gmt":"2020-10-02T18:11:07","guid":{"rendered":"https:\/\/edublog.educastur.es\/unamusicadecine\/?p=956"},"modified":"2024-10-23T20:06:20","modified_gmt":"2024-10-23T18:06:20","slug":"musica-medieval-y-renacentista-en-el-cine","status":"publish","type":"post","link":"https:\/\/edublog.educastur.es\/unamusicadecine\/2020\/10\/02\/musica-medieval-y-renacentista-en-el-cine\/","title":{"rendered":"M\u00fasica Medieval y Renacentista en el cine."},"content":{"rendered":"<div class=\"entry\">\n<p style=\"text-align: justify\"><img loading=\"lazy\" decoding=\"async\" class=\"alignnone\" src=\"https:\/\/www.dameocio.com\/wp-content\/uploads\/2017\/09\/Edad-Media-5-1024x538.jpg\" width=\"500\" height=\"200\" \/><\/p>\n<p style=\"text-align: justify\"><span style=\"font-family: arial, helvetica, sans-serif\">En 2\u00ba de la ESO comenzamos los temas de la m\u00fasica en la Edad Media y en el Renacimiento. Seguro que os resulta sorprendente comprobar que muchos temas musicales que vais a oir, \u201cos suenan\u201d, \u00a0y han aparecido en muchas pel\u00edculas,\u00a0 voy a seleccionar algunos de ellos.<\/span><\/p>\n<p style=\"text-align: justify\"><span style=\"font-family: arial, helvetica, sans-serif\">Acompa\u00f1adme en este viaje en el tiempo!!! <img loading=\"lazy\" decoding=\"async\" class=\"alignnone size-thumbnail\" src=\"https:\/\/amnoticias.com.mx\/images\/0bhderolamncsed.gif\" width=\"158\" height=\"150\" \/><\/span><\/p>\n<p><span style=\"font-family: arial, helvetica, sans-serif\"><strong><span style=\"color: #0000ff\">1. Tema musical: Dies Irae.<\/span><\/strong><\/span><strong><img loading=\"lazy\" decoding=\"async\" class=\"aligncenter\" src=\"https:\/\/http2.mlstatic.com\/D_NQ_NP_766103-MLA30989084821_062019-O.jpg\" width=\"200\" height=\"200\" align=\"middle\" \/><\/strong><\/p>\n<p style=\"text-align: justify\"><span style=\"font-family: arial, helvetica, sans-serif\">El\u00a0<em>Dies irae<\/em>, que significa D\u00eda de la ira, es un himno en lat\u00edn fechado en el siglo XIII y atribuido al monje franciscano\u00a0<strong>Tom\u00e1s de Celano<\/strong>\u00a0que relata el juicio final. \u201cD\u00eda de la ira \/ aquel d\u00eda \/ en que los siglos se reduzcan a cenizas\u201d, dicen los primeros versos de este poema. Esta melod\u00eda fue pensada para sonar en las misas de difuntos.<\/span><\/p>\n<p style=\"text-align: justify\"><span style=\"font-family: arial, helvetica, sans-serif\">Si quer\u00e9is saber m\u00e1s cosas sobre \u00e9l \u00a0y tocar la partitura s\u00f3lo ten\u00e9is qu<\/span>e <a href=\"https:\/\/edublog.educastur.es\/unamusicadecine\/2020\/10\/02\/musica-de-terror-para-halloween\/\"><span style=\"color: #0000ff\"><strong>PINCHAR AQU\u00cd.<\/strong><\/span><\/a><\/p>\n\n<!-- iframe plugin v.6.0 wordpress.org\/plugins\/iframe\/ -->\n<iframe loading=\"lazy\" width=\"560\" height=\"315\" src=\"https:\/\/www.youtube.com\/embed\/mEIHkVWR4_o\" scrolling=\"yes\" class=\"iframe-class\" frameborder=\"0\"><\/iframe>\n\n<p><img loading=\"lazy\" decoding=\"async\" src=\"https:\/\/media1.tenor.com\/images\/bddd3efa10babe9f55afa16aa862b104\/tenor.gif?itemid=4713516\" width=\"120\" height=\"130\" \/><img loading=\"lazy\" decoding=\"async\" src=\"http:\/\/es.web.img2.acsta.net\/c_215_290\/pictures\/14\/04\/15\/10\/46\/568345.jpg\" width=\"200\" height=\"200\" align=\"middle\" border=\"1\" \/>\u00a0<span style=\"font-family: arial, helvetica, sans-serif\"><strong><span style=\"color: #0000ff\">Pel\u00edcula: El resplandor (1980).<\/span><\/strong><\/span><\/p>\n<p><span style=\"font-family: arial, helvetica, sans-serif\">Este\u00a0cl\u00e1sico del cine de terror utiliza esta pieza en los t\u00edtulos de cr\u00e9dito, y da mucho miedo!!!!!!<\/span><\/p>\n\n<!-- iframe plugin v.6.0 wordpress.org\/plugins\/iframe\/ -->\n<iframe loading=\"lazy\" width=\"560\" height=\"315\" src=\"https:\/\/www.youtube.com\/embed\/4q7CV10OvPQ\" scrolling=\"yes\" class=\"iframe-class\" frameborder=\"0\"><\/iframe>\n\n<p><span style=\"font-family: arial, helvetica, sans-serif\"><strong><span style=\"color: #0000ff\">2. Tema musical: O Fortuna. Carmina Burana.<\/span><\/strong><\/span><strong><img loading=\"lazy\" decoding=\"async\" class=\"aligncenter\" src=\"https:\/\/upload.wikimedia.org\/wikipedia\/en\/thumb\/2\/20\/Fortuna_Wheel.jpg\/220px-Fortuna_Wheel.jpg\" width=\"200\" height=\"200\" align=\"middle\" border=\"1\" \/><\/strong><\/p>\n<p style=\"text-align: justify\"><span style=\"font-family: arial, helvetica, sans-serif\">Esta c\u00e9lebre obra se ha utilizado en m\u00faltiples pel\u00edculas. En realidad, es un\u00a0poema\u00a0goliardo escrito en\u00a0lat\u00edn medieval\u00a0a principios del\u00a0siglo XIII, que formaba parte de la colecci\u00f3n conocida como\u00a0Carmina Burana.\u00a0<strong>Carl Orff<\/strong>\u00a0(Munich, 1895 &#8211; 1982), es un compositor alem\u00e1n que\u00a0salt\u00f3 a la fama cuando hizo una adaptaci\u00f3n del\u00a0<strong>Carmina Burana<\/strong>.<\/span><\/p>\n<p style=\"text-align: justify\"><span style=\"font-family: arial, helvetica, sans-serif\">Si quer\u00e9is saber m\u00e1s sobre el tema pod\u00e9is <\/span><strong><a href=\"https:\/\/edublog.educastur.es\/unamusicadecine\/2020\/10\/02\/los-goliardos-en-el-cine-o-fortuna\/\"><span style=\"color: #0000ff\">PINCHAR AQU\u00cd<\/span><\/a><\/strong>, <span style=\"font-family: arial, helvetica, sans-serif\">adem\u00e1s ten\u00e9is la partitura para flauta.<\/span><\/p>\n\n<!-- iframe plugin v.6.0 wordpress.org\/plugins\/iframe\/ -->\n<iframe loading=\"lazy\" width=\"560\" height=\"315\" src=\"https:\/\/www.youtube.com\/embed\/GXFSK0ogeg4\" scrolling=\"yes\" class=\"iframe-class\" frameborder=\"0\"><\/iframe>\n\n<p><span style=\"font-family: arial, helvetica, sans-serif\"><img loading=\"lazy\" decoding=\"async\" src=\"https:\/\/media1.tenor.com\/images\/bddd3efa10babe9f55afa16aa862b104\/tenor.gif?itemid=4713516\" width=\"120\" height=\"130\" \/><img loading=\"lazy\" decoding=\"async\" src=\"http:\/\/es.web.img2.acsta.net\/c_215_290\/pictures\/210\/067\/21006761_20130517133907694.jpg\" width=\"200\" height=\"200\" align=\"middle\" \/>\u00a0<strong><span style=\"color: #0000ff\">Pel\u00edcula: Excalibur (1981).<\/span><\/strong><\/span><\/p>\n<p><span style=\"font-family: arial, helvetica, sans-serif\">Pel\u00edcula \u00e9pica basada en la leyenda del rey Arturo, qu\u00e9 utiliza este tema musical con gran acierto.<\/span><\/p>\n\n<!-- iframe plugin v.6.0 wordpress.org\/plugins\/iframe\/ -->\n<iframe loading=\"lazy\" width=\"560\" height=\"315\" src=\"https:\/\/www.youtube.com\/embed\/0JNlOTccdck\" scrolling=\"yes\" class=\"iframe-class\" frameborder=\"0\"><\/iframe>\n\n<p style=\"text-align: justify\"><span style=\"font-family: arial, helvetica, sans-serif\"><strong><span style=\"color: #0000ff\">3. Tema musical: Scarborough Fair.<\/span><\/strong><img loading=\"lazy\" decoding=\"async\" class=\"aligncenter\" src=\"https:\/\/2.bp.blogspot.com\/-NnFz8XhbP5Q\/Tn92aDeoIbI\/AAAAAAAACsA\/i4hbox_v9xE\/s1600\/scarborough-fair.jpg\" width=\"269\" height=\"195\" align=\"middle\" \/><\/span><\/p>\n<p style=\"text-align: justify\"><span style=\"font-family: arial, helvetica, sans-serif\">Esta popular balada medieval de autor desconocido, tiene como tema central el\u00a0desamor; un joven que ha sido abandonado por su novia y quiere recuperarla, para ello\u00a0pide a quien vaya a la feria que\u00a0reclame a su antigua amada cosas imposibles para recuperar su amor. La canci\u00f3n \u00a0ha sido versionada en multitud de ocasiones, y sin duda, la m\u00e1s conocida ha sido la realizada por el d\u00fao\u00a0<strong>Simon y Garfunkel<\/strong>,que se hizo mundialmente famosa tras aparecer\u00a0en la pel\u00edcula\u00a0\u201cEl Graduado\u201d.<\/span><\/p>\n<p style=\"text-align: justify\"><span style=\"font-family: arial, helvetica, sans-serif\">Si quer\u00e9is saber m\u00e1s sobre el tema pod\u00e9is<a href=\"https:\/\/edublog.educastur.es\/unamusicadecine\/2020\/10\/02\/una-feria-muy-versionada-scarborough-fair\/\"><strong><span style=\"color: #0000ff\"> PINCHAR AQU\u00cd<\/span><\/strong><\/a>, adem\u00e1s ten\u00e9is la partitura para flauta.<\/span><\/p>\n<p style=\"text-align: justify\"><span style=\"font-family: arial, helvetica, sans-serif\">\n<!-- iframe plugin v.6.0 wordpress.org\/plugins\/iframe\/ -->\n<iframe loading=\"lazy\" width=\"560\" height=\"315\" src=\"https:\/\/www.youtube.com\/embed\/-Jj4s9I-53g\" scrolling=\"yes\" class=\"iframe-class\" frameborder=\"0\"><\/iframe>\n<br \/>\n<\/span><\/p>\n<p><img loading=\"lazy\" decoding=\"async\" src=\"https:\/\/media1.tenor.com\/images\/bddd3efa10babe9f55afa16aa862b104\/tenor.gif?itemid=4713516\" width=\"120\" height=\"130\" \/>\u00a0<img loading=\"lazy\" decoding=\"async\" src=\"https:\/\/http2.mlstatic.com\/el-graduado-dustin-hoffman-dvd-original-D_NQ_NP_672735-MLA29131862194_012019-F.jpg\" width=\"200\" height=\"200\" align=\"middle\" \/>\u00a0<span style=\"font-family: arial, helvetica, sans-serif\"><strong><span style=\"color: #0000ff\">Pel\u00edcula: El graduado (1967).<\/span><\/strong><\/span><\/p>\n<p><span style=\"font-family: arial, helvetica, sans-serif\">La banda sonora de la siguiente pel\u00edcula catapult\u00f3 a la fama al d\u00fao\u00a0<strong>Simon &amp; Garfunkel <\/strong>que interpretaba el famoso tema.<\/span><\/p>\n<p><span style=\"font-family: arial, helvetica, sans-serif\">\n<!-- iframe plugin v.6.0 wordpress.org\/plugins\/iframe\/ -->\n<iframe loading=\"lazy\" width=\"560\" height=\"315\" src=\"https:\/\/www.youtube.com\/embed\/xLQphyy4YNw\" scrolling=\"yes\" class=\"iframe-class\" frameborder=\"0\"><\/iframe>\n<\/span><\/p>\n<p><strong><span style=\"color: #0000ff\"><span style=\"font-family: arial, helvetica, sans-serif\">4. Tema musical: Greensleeves<\/span>.<\/span><\/strong><img loading=\"lazy\" decoding=\"async\" class=\"aligncenter\" src=\"https:\/\/upload.wikimedia.org\/wikipedia\/commons\/thumb\/5\/55\/Greensleeves-rossetti.jpg\/220px-Greensleeves-rossetti.jpg\" width=\"200\" height=\"200\" align=\"middle\" \/><\/p>\n<p style=\"text-align: justify\"><span style=\"font-family: arial, helvetica, sans-serif\"><em>Greensleeves<\/em>\u00a0es una de las m\u00e1s famosas canciones folcl\u00f3ricas inglesas de todos los tiempos. Esta obra del Renacimiento, se atribuy\u00f3 al Rey <strong>Enrique VIII<\/strong> de Inglaterra para su amante y futura reina consorte <strong>Ana<\/strong> <strong>Bolena<\/strong>, pero nunca se demostr\u00f3.<\/span><\/p>\n<p style=\"text-align: justify\"><span style=\"font-family: arial, helvetica, sans-serif\">Realmente se desconoce qui\u00e9n era\u00a0<strong>Lady Greensleeves<\/strong>, la dama de las mangas verdes de la que estaba enamorado el desconsolado y tambi\u00e9n desconocido autor.<\/span><\/p>\n<p style=\"text-align: justify\"><span style=\"font-family: arial, helvetica, sans-serif\">Vamos a escuchar la bell\u00edsima canci\u00f3n interpretada por el maestro de la viola da gamba,\u00a0<strong>Jordi Savall<\/strong>.<\/span><\/p>\n\n<!-- iframe plugin v.6.0 wordpress.org\/plugins\/iframe\/ -->\n<iframe loading=\"lazy\" width=\"560\" height=\"315\" src=\"https:\/\/www.youtube.com\/embed\/fzk13OqfFUA\" scrolling=\"yes\" class=\"iframe-class\" frameborder=\"0\"><\/iframe>\n\n<p><span style=\"font-family: arial, helvetica, sans-serif\">Aqu\u00ed ten\u00e9is \u00a0la partitura con el acompa\u00f1amiento musical.<\/span><\/p>\n\n<!-- iframe plugin v.6.0 wordpress.org\/plugins\/iframe\/ -->\n<iframe loading=\"lazy\" width=\"560\" height=\"315\" src=\"https:\/\/www.youtube.com\/embed\/GcqiKcX5XME\" scrolling=\"yes\" class=\"iframe-class\" frameborder=\"0\"><\/iframe>\n\n<p><img loading=\"lazy\" decoding=\"async\" src=\"https:\/\/media1.tenor.com\/images\/bddd3efa10babe9f55afa16aa862b104\/tenor.gif?itemid=4713516\" width=\"120\" height=\"130\" \/><img loading=\"lazy\" decoding=\"async\" src=\"https:\/\/images-na.ssl-images-amazon.com\/images\/I\/9155UrSs%2BpL._SL1500_.jpg\" width=\"200\" height=\"200\" align=\"middle\" \/>\u00a0<span style=\"font-family: arial, helvetica, sans-serif\"><strong><span style=\"color: #0000ff\">Pel\u00edcula: Stay Away, Joe (1968).<\/span><\/strong><\/span><\/p>\n<p><span style=\"font-family: arial, helvetica, sans-serif\"><strong>Elvis Presley<\/strong> realiza una versi\u00f3n de la canci\u00f3n en este w\u00e9stern hecho \u00a0a la medida de la estrella del rock.<\/span><\/p>\n\n<!-- iframe plugin v.6.0 wordpress.org\/plugins\/iframe\/ -->\n<iframe loading=\"lazy\" width=\"560\" height=\"315\" src=\"https:\/\/www.youtube.com\/embed\/J_wD4o3pqq8\" scrolling=\"yes\" class=\"iframe-class\" frameborder=\"0\"><\/iframe>\n\n<\/div>\n<div class=\"paragraph\" style=\"text-align: center\" data-wp-editing=\"1\"><strong><span style=\"color: #0000ff\">\u00a0<span style=\"font-family: arial, helvetica, sans-serif\">ACTIVIDAD<\/span><\/span> <img loading=\"lazy\" decoding=\"async\" class=\"alignnone size-thumbnail wp-image-8224\" src=\"http:\/\/edublog.educastur.es\/unamusicadecine\/files\/2023\/12\/D4ADBE8B-56BF-4B9F-AF53-59B44CB25317-150x150.png\" alt=\"\" width=\"150\" height=\"150\" srcset=\"https:\/\/edublog.educastur.es\/unamusicadecine\/files\/2023\/12\/D4ADBE8B-56BF-4B9F-AF53-59B44CB25317-150x150.png 150w, https:\/\/edublog.educastur.es\/unamusicadecine\/files\/2023\/12\/D4ADBE8B-56BF-4B9F-AF53-59B44CB25317-300x300.png 300w, https:\/\/edublog.educastur.es\/unamusicadecine\/files\/2023\/12\/D4ADBE8B-56BF-4B9F-AF53-59B44CB25317-85x85.png 85w, https:\/\/edublog.educastur.es\/unamusicadecine\/files\/2023\/12\/D4ADBE8B-56BF-4B9F-AF53-59B44CB25317.png 398w\" sizes=\"auto, (max-width: 150px) 100vw, 150px\" \/><\/strong><\/div>\n<ol>\n<li style=\"text-align: justify\"><strong><span style=\"font-family: arial,helvetica,sans-serif\">\u00bfEn qu\u00e9 pel\u00edcula del post aparece el tema musical \u201cO Fortuna\u201d?\u00bfCu\u00e1l es el origen de la canci\u00f3n? \u00bfQu\u00e9 autor la populariz\u00f3? \u00bfQui\u00e9nes eran los goliardos?<\/span><\/strong><\/li>\n<li style=\"text-align: justify\"><span style=\"font-family: arial, helvetica, sans-serif\"><strong>\u00bfCu\u00e1l es la balada medieval qu\u00e9 se menciona en el post? \u00bfEn qu\u00e9 pel\u00edcula aparece? \u00bfQu\u00e9 famoso d\u00fao musical la populariz\u00f3? \u00bfEn qu\u00e9 serie espa\u00f1ola del 2009 se interpreta la canci\u00f3n?<\/strong><\/span><\/li>\n<li style=\"text-align: justify\"><span style=\"font-family: arial, helvetica, sans-serif\"><strong>\u00bfQu\u00e9 obra del Renacimiento se atribuy\u00f3 a Enrique VIII? \u00bfQui\u00e9n es el maestro de viola da gamba que la interpreta? Realiza una breve biograf\u00eda (<a href=\"https:\/\/www.biografiasyvidas.com\/biografia\/s\/savall.htm\">Biografia de Jordi Savall (biografiasyvidas.com)<\/a><\/strong><\/span><\/li>\n<li style=\"text-align: justify\"><span style=\"font-family: arial, helvetica, sans-serif\"><strong>\u00bfQu\u00e9 famoso cantante de rock hizo una versi\u00f3n de la obra anterior? \u00bfEn qu\u00e9 pel\u00edcula? Realiza una breve biograf\u00eda del cantante. (<a href=\"https:\/\/www.biografiasyvidas.com\/biografia\/p\/presley.htm\">Biografia de Elvis Presley (biografiasyvidas.com)<\/a><\/strong><\/span><\/li>\n<li style=\"text-align: justify\"><span style=\"font-family: arial, helvetica, sans-serif\"><strong>Se\u00f1ala lo que te ha aportado este post.<\/strong><\/span><\/li>\n<\/ol>\n<p><img loading=\"lazy\" decoding=\"async\" class=\"alignnone size-thumbnail wp-image-8274\" src=\"http:\/\/edublog.educastur.es\/unamusicadecine\/files\/2024\/01\/Nos-vemos-en-el-blog-150x150.jpeg\" alt=\"\" width=\"150\" height=\"150\" srcset=\"https:\/\/edublog.educastur.es\/unamusicadecine\/files\/2024\/01\/Nos-vemos-en-el-blog-150x150.jpeg 150w, https:\/\/edublog.educastur.es\/unamusicadecine\/files\/2024\/01\/Nos-vemos-en-el-blog-85x85.jpeg 85w\" sizes=\"auto, (max-width: 150px) 100vw, 150px\" \/><\/p>\n<div class=\"entry\">\n<p>&nbsp;<\/p>\n<\/div>\n","protected":false},"excerpt":{"rendered":"<p>En 2\u00ba de la ESO comenzamos los temas de la m\u00fasica en la Edad Media y en el Renacimiento. Seguro que os resulta sorprendente comprobar que muchos temas musicales que vais a oir, \u201cos suenan\u201d, \u00a0y han aparecido en muchas pel\u00edculas,\u00a0 voy a seleccionar algunos de ellos. Acompa\u00f1adme en este viaje en el tiempo!!! 1. [&hellip;]<\/p>\n","protected":false},"author":334,"featured_media":0,"comment_status":"open","ping_status":"open","sticky":false,"template":"","format":"standard","meta":{"footnotes":""},"categories":[4,9],"tags":[],"class_list":["post-956","post","type-post","status-publish","format-standard","hentry","category-evolucion-de-la-musica-de-cine","category-musica-prestada-al-cine"],"_links":{"self":[{"href":"https:\/\/edublog.educastur.es\/unamusicadecine\/wp-json\/wp\/v2\/posts\/956","targetHints":{"allow":["GET"]}}],"collection":[{"href":"https:\/\/edublog.educastur.es\/unamusicadecine\/wp-json\/wp\/v2\/posts"}],"about":[{"href":"https:\/\/edublog.educastur.es\/unamusicadecine\/wp-json\/wp\/v2\/types\/post"}],"author":[{"embeddable":true,"href":"https:\/\/edublog.educastur.es\/unamusicadecine\/wp-json\/wp\/v2\/users\/334"}],"replies":[{"embeddable":true,"href":"https:\/\/edublog.educastur.es\/unamusicadecine\/wp-json\/wp\/v2\/comments?post=956"}],"version-history":[{"count":23,"href":"https:\/\/edublog.educastur.es\/unamusicadecine\/wp-json\/wp\/v2\/posts\/956\/revisions"}],"predecessor-version":[{"id":8811,"href":"https:\/\/edublog.educastur.es\/unamusicadecine\/wp-json\/wp\/v2\/posts\/956\/revisions\/8811"}],"wp:attachment":[{"href":"https:\/\/edublog.educastur.es\/unamusicadecine\/wp-json\/wp\/v2\/media?parent=956"}],"wp:term":[{"taxonomy":"category","embeddable":true,"href":"https:\/\/edublog.educastur.es\/unamusicadecine\/wp-json\/wp\/v2\/categories?post=956"},{"taxonomy":"post_tag","embeddable":true,"href":"https:\/\/edublog.educastur.es\/unamusicadecine\/wp-json\/wp\/v2\/tags?post=956"}],"curies":[{"name":"wp","href":"https:\/\/api.w.org\/{rel}","templated":true}]}}