{"id":960,"date":"2020-10-02T20:13:52","date_gmt":"2020-10-02T18:13:52","guid":{"rendered":"https:\/\/edublog.educastur.es\/unamusicadecine\/?p=960"},"modified":"2025-10-30T19:02:01","modified_gmt":"2025-10-30T17:02:01","slug":"musica-de-terror-para-halloween","status":"publish","type":"post","link":"https:\/\/edublog.educastur.es\/unamusicadecine\/2020\/10\/02\/musica-de-terror-para-halloween\/","title":{"rendered":"M\u00fasica de terror para Halloween."},"content":{"rendered":"<div class=\"entry\">\n<p><img loading=\"lazy\" decoding=\"async\" src=\"http:\/\/3.bp.blogspot.com\/-74W1wBkZqzw\/UJDGLg6osWI\/AAAAAAAACVA\/16PQsGX-Xlo\/s400\/noche.gif\" width=\"450\" height=\"390\" \/><\/p>\n<p style=\"text-align: justify\"><span style=\"font-family: arial, helvetica, sans-serif\">\u00bfEst\u00e1is preparados para pasar miedo? Pues seguid leyendo este post.<\/span><\/p>\n<p style=\"text-align: justify\"><span style=\"font-family: arial, helvetica, sans-serif\">La noche m\u00e1s terror\u00edfica del a\u00f1o se acerca, la noche de \u00a0Halloween, y qu\u00e9\u00a0mejor ocasi\u00f3n para hacer un homenaje a esas canciones de miedo que han servido como banda sonora de las pel\u00edculas de terror a lo largo de los a\u00f1os.<\/span><\/p>\n<p style=\"text-align: justify\"><span style=\"font-family: arial, helvetica, sans-serif\">Aunque la lista de grandes temas musicales de este g\u00e9nero es muy extensa, voy a hacer una selecci\u00f3n de mis preferidos, as\u00ed que sigue leyendo, y a pasar miedo!!!!<\/span><\/p>\n<p style=\"text-align: justify\"><span style=\"font-family: arial, helvetica, sans-serif\"><img loading=\"lazy\" decoding=\"async\" src=\"http:\/\/www.gifss.es\/terror\/fantasmas\/fantasma-02.gif\" width=\"143\" height=\"169\" align=\"right\" \/><img loading=\"lazy\" decoding=\"async\" class=\"alignright\" src=\"http:\/\/www.elseptimoarte.net\/carteles\/psicosis_5965.jpg\" width=\"182\" height=\"270\" align=\"left\" \/><\/span><\/p>\n<ul>\n<li><strong><span style=\"font-family: arial, helvetica, sans-serif\"><span style=\"color: #ff00ff\">\u00a0PSICOSIS<\/span> <span style=\"color: #ff00ff\">(1960). BSO\u00a0Bernard Hermann.<\/span><\/span><\/strong><\/li>\n<\/ul>\n<p style=\"text-align: justify\"><span style=\"font-family: arial, helvetica, sans-serif\">La famosa escena\u00a0\u00a0 de la ducha, \u00bfser\u00eda lo mismo si no tuviera las implacables cuerdas acompa\u00f1ando cada cuchillazo? El compositor declar\u00f3 alguna vez que decidi\u00f3 usar violines y s\u00f3lo cuerdas en su banda sonora, porque es el instrumento que m\u00e1s se asemeja a la voz humana. Esta pel\u00edcula y esta escena se han convertido en un cl\u00e1sico entre los cl\u00e1sicos del cine de terror. Locura, demencia y asesinato.<\/span><\/p>\n<\/div>\n\n<!-- iframe plugin v.6.0 wordpress.org\/plugins\/iframe\/ -->\n<iframe loading=\"lazy\" width=\"560\" height=\"315\" src=\"https:\/\/www.youtube.com\/embed\/NT-FYv55eMk\" scrolling=\"yes\" class=\"iframe-class\" frameborder=\"0\"><\/iframe>\n\n<p>&nbsp;<\/p>\n<div class=\"entry\">\n<p><img loading=\"lazy\" decoding=\"async\" class=\"alignright\" src=\"https:\/\/cdn.shopify.com\/s\/files\/1\/0547\/1973\/products\/ElExorcista-LaVersionNuncaAntesVista_grande.jpg?v=1460254847\" width=\"200\" height=\"220\" align=\"right\" \/><\/p>\n<ul>\n<li><span style=\"font-family: arial, helvetica, sans-serif\"><span style=\"color: #ff00ff\"><strong>EL EXORCISTA <\/strong><strong>(1973) BSO\u00a0<\/strong><strong>Steve Boeddeker<\/strong>.<\/span><\/span><\/li>\n<\/ul>\n<p style=\"text-align: justify\"><span style=\"font-family: arial, helvetica, sans-serif\"><img loading=\"lazy\" decoding=\"async\" src=\"http:\/\/www.gifss.es\/terror\/fantasmas\/fantasma-02.gif\" width=\"143\" height=\"169\" align=\"left\" \/><\/span><\/p>\n<p style=\"text-align: justify\"><span style=\"font-family: arial, helvetica, sans-serif\">El tema musical que selecciono de este cl\u00e1sico de terror, \u00a0es un\u00a0tema preexistente (que no ha sido hecho para la pel\u00edcula) que pertenece al disco\u00a0<strong>Tubular Bells<\/strong>\u00a0del ingl\u00e9s\u00a0<strong>Mike Oldfield<\/strong>. La utilizaci\u00f3n del mismo en el filme lo convirti\u00f3 \u00a0en un icono siempre ligado a la posesi\u00f3n diab\u00f3lica, \u00a0y a los exorcismos. Terror y escalofr\u00edos \u00a0todo en uno!!.<\/span><\/p>\n<\/div>\n\n<!-- iframe plugin v.6.0 wordpress.org\/plugins\/iframe\/ -->\n<iframe loading=\"lazy\" width=\"560\" height=\"315\" src=\"https:\/\/www.youtube.com\/embed\/FN6jIvKiYOs\" scrolling=\"yes\" class=\"iframe-class\" frameborder=\"0\"><\/iframe>\n\n<div class=\"entry\">\n<ul>\n<li style=\"text-align: justify\"><span style=\"font-family: arial, helvetica, sans-serif\"><span style=\"color: #ff00ff\"><strong>LA PROFEC\u00cdA<\/strong><\/span><strong>\u00a0<span style=\"color: #ff00ff\">(1976)\u00a0BSO\u00a0<\/span><\/strong><span style=\"color: #ff00ff\"><strong>Jerry Goldsmith<\/strong>.<\/span><\/span><\/li>\n<\/ul>\n<p style=\"text-align: justify\"><span style=\"font-family: arial, helvetica, sans-serif\"><img loading=\"lazy\" decoding=\"async\" class=\"alignleft\" src=\"http:\/\/es.web.img2.acsta.net\/c_215_290\/pictures\/14\/02\/10\/13\/36\/557619.jpg\" width=\"200\" height=\"200\" align=\"left\" \/><img loading=\"lazy\" decoding=\"async\" src=\"http:\/\/www.gifss.es\/terror\/fantasmas\/fantasma-02.gif\" width=\"143\" height=\"169\" align=\"right\" \/><\/span><\/p>\n<p style=\"text-align: justify\"><span style=\"font-family: arial, helvetica, sans-serif\">El compositor cre\u00f3 una banda sonora con cuerdas, viento, y coros en lat\u00edn que es para \u201cmorirse de miedo\u201d. Esos c\u00e1nticos dedicados \u00a0al mism\u00edsimo Satan\u00e1s (\u201dAve Satani\u201d) no pod\u00edan traer nada bueno \u2026 aunque para su compositor supuso un \u00d3scar!!!<\/span><\/p>\n<\/div>\n\n<!-- iframe plugin v.6.0 wordpress.org\/plugins\/iframe\/ -->\n<iframe loading=\"lazy\" width=\"560\" height=\"315\" src=\"https:\/\/www.youtube.com\/embed\/yRMWvQXwBis\" scrolling=\"yes\" class=\"iframe-class\" frameborder=\"0\"><\/iframe>\n\n<p>&nbsp;<\/p>\n<ul>\n<li><span style=\"font-family: arial, helvetica, sans-serif\"><span style=\"color: #ff00ff\"><strong>LA N<\/strong><\/span><strong><span style=\"color: #ff00ff\">OCHE DE HALLOWEEN\u00a0(1978)<\/span><\/strong><span style=\"color: #ff00ff\"> <strong>BSO John Carpenter<\/strong>.<\/span><\/span><\/li>\n<\/ul>\n<div class=\"entry\">\n<p style=\"text-align: justify\"><img loading=\"lazy\" decoding=\"async\" class=\"alignright\" src=\"http:\/\/es.web.img3.acsta.net\/c_215_290\/medias\/nmedia\/18\/84\/77\/63\/19757690.jpg\" width=\"200\" height=\"200\" align=\"right\" \/><img loading=\"lazy\" decoding=\"async\" src=\"http:\/\/www.gifss.es\/terror\/fantasmas\/fantasma-02.gif\" width=\"143\" height=\"169\" align=\"left\" \/><\/p>\n<p style=\"text-align: justify\"><span style=\"font-family: arial, helvetica, sans-serif\">\u00c9sta pel\u00edcula\u00a0logra crear una tensi\u00f3n enorme en parte ayudada por la excelente banda sonora que fue compuesta por el director de la pel\u00edcula. Una melod\u00eda para piano sencilla y sin adornos que produce escalofr\u00edos.<\/span><\/p>\n\n<!-- iframe plugin v.6.0 wordpress.org\/plugins\/iframe\/ -->\n<iframe loading=\"lazy\" width=\"560\" height=\"315\" src=\"https:\/\/www.youtube.com\/embed\/SLu_C9SHMFw\" scrolling=\"yes\" class=\"iframe-class\" frameborder=\"0\"><\/iframe>\n\n<\/div>\n<div class=\"entry\">\n<p><img loading=\"lazy\" decoding=\"async\" class=\"alignleft\" src=\"http:\/\/2.bp.blogspot.com\/_mH9jZjTd8Hc\/TMiyK-20TZI\/AAAAAAAABuA\/f7d_5kLYLgc\/s1600\/elresplandorcine-600a.jpg\" width=\"200\" height=\"200\" align=\"left\" \/><\/p>\n<ul>\n<li><span style=\"font-family: arial, helvetica, sans-serif\">\u00a0<span style=\"color: #ff00ff\"><strong>EL RESPLANDO<span style=\"color: #ff00ff\">R <\/span><\/strong><strong>(1980)\u00a0<\/strong><\/span><\/span><\/li>\n<\/ul>\n<p style=\"text-align: justify\"><span style=\"font-family: arial, helvetica, sans-serif\">Exceptuando dos composiciones originales de\u00a0<span style=\"color: #ff00ff\"><strong>Wendy Carlos y Rachel Elkind<\/strong><\/span>, las piezas de esta pel\u00edcula ya estaban compuestas y pertenecen al repertorio cl\u00e1sico contempor\u00e1neo.<img loading=\"lazy\" decoding=\"async\" src=\"http:\/\/www.gifss.es\/terror\/fantasmas\/fantasma-02.gif\" width=\"143\" height=\"169\" align=\"right\" \/><\/span><\/p>\n<p style=\"text-align: justify\" align=\"justify\"><span style=\"font-family: arial, helvetica, sans-serif\">La escena inicial presenta una pieza de m\u00fasica electr\u00f3nica compuesta expresamente para ella por <strong>Wendy Carlos<\/strong> y\u00a0<strong>Rachel<\/strong> <strong>Elkind<\/strong> que\u00a0utilizan el \u00a0himno medieval\u00a0<strong><span style=\"color: #ff00ff\">Dies Irae<\/span>\u00a0<\/strong>(atribu\u00eddo a Tommaso da Celano, siglo XIII, y que estamos tocando en clase).\u00a0Este himno habla sobre el d\u00eda del Juicio Final y durante 800 a\u00f1os los compositores han asociado este tema musical con la muerte. Se usa\u00a0para abrir el filme y preparar al espectador para algo terrible que va a ocurrir. Se utilizan sonidos electroac\u00fasticos y voces distorsionadas, lo cual nos traslada a un mundo m\u00e1s irreal y amenazante. Es el presagio de la muerte.<\/span><\/p>\n<p align=\"justify\">\n<!-- iframe plugin v.6.0 wordpress.org\/plugins\/iframe\/ -->\n<iframe loading=\"lazy\" width=\"560\" height=\"315\" src=\"https:\/\/www.youtube.com\/embed\/4q7CV10OvPQ\" scrolling=\"yes\" class=\"iframe-class\" frameborder=\"0\"><\/iframe>\n<\/p>\n<p style=\"text-align: justify\"><span style=\"font-family: arial, helvetica, sans-serif\"><strong>&#8211; Versi\u00f3n en wix del Dies Irae para flauta dulce:<\/strong><\/span><\/p>\n<p style=\"text-align: justify\"><span style=\"font-family: arial, helvetica, sans-serif\"><strong>Pincha en la imagen<\/strong>\u00a0y tendr\u00e1s la partitura para copiar y el acompa\u00f1amiento instrumental. Ahora ya no hay excusa para no saber la canci\u00f3n!!!!<\/span><\/p>\n<p><a href=\"http:\/\/mmgiaccaglia.wixsite.com\/remix-1\/about\" target=\"_blank\" rel=\"noopener noreferrer\"><img loading=\"lazy\" decoding=\"async\" src=\"http:\/\/silviamusic.weebly.com\/uploads\/5\/9\/8\/2\/59829705\/1455059866.png\" width=\"442\" height=\"325\" border=\"1\" \/><\/a><\/p>\n<p><img loading=\"lazy\" decoding=\"async\" class=\"alignleft\" src=\"http:\/\/4.bp.blogspot.com\/-PPFptIZeDF8\/TfgSME4tt5I\/AAAAAAAAAAU\/bMQVjXGwNPw\/s1600\/PESADILLA+EN+LA+CALLE+ELM.jpg\" width=\"200\" height=\"200\" align=\"left\" \/><\/p>\n<ul>\n<li style=\"text-align: justify\"><span style=\"font-family: arial, helvetica, sans-serif\"><strong><span style=\"color: #ff00ff\">P<\/span><\/strong><span style=\"color: #ff00ff\"><strong>ESADILLA EN ELM \u00a0 S<\/strong><\/span><span style=\"color: #ff00ff\"><strong>REET\u00a0<\/strong><strong>(1984)\u00a0BSO\u00a0<\/strong><strong>Charles Bernstein<\/strong>.<\/span><\/span><\/li>\n<\/ul>\n<p align=\"justify\"><span style=\"font-family: arial, helvetica, sans-serif\"><img loading=\"lazy\" decoding=\"async\" src=\"http:\/\/www.gifss.es\/terror\/fantasmas\/fantasma-02.gif\" width=\"143\" height=\"169\" align=\"left\" \/> El compositor utiliza sintetizadores en lugar de una\u00a0orquesta\u00a0cl\u00e1sica y\u00a0\u201dda en el clavo\u201d.\u00a0La m\u00fasica consigue\u00a0\u00a0 que\u00a0Freddy Krueger,\u00a0el siniestro personaje que \u00a0atormenta los sue\u00f1os de un grupo de j\u00f3venes,\u00a0nos persiga.<\/span><\/p>\n<\/div>\n<p align=\"justify\">\n<!-- iframe plugin v.6.0 wordpress.org\/plugins\/iframe\/ -->\n<iframe loading=\"lazy\" width=\"560\" height=\"315\" src=\"https:\/\/www.youtube.com\/embed\/TkKx9X2ASH4\" scrolling=\"yes\" class=\"iframe-class\" frameborder=\"0\"><\/iframe>\n<\/p>\n<div class=\"entry\">\n<ul>\n<li style=\"text-align: justify\"><img loading=\"lazy\" decoding=\"async\" class=\"alignright\" src=\"http:\/\/pics.filmaffinity.com\/Dr_cula_de_Bram_Stoker-420186556-large.jpg\" width=\"200\" height=\"200\" align=\"left\" \/><span style=\"font-family: arial, helvetica, sans-serif\"><strong><span style=\"color: #ff00ff\">DR\u00c1CULA DE BRAM STOKER (1992)\u00a0BSO <\/span><\/strong><span style=\"color: #ff00ff\"><strong>\u00a0Wojciech Kilar.<\/strong><\/span><\/span><\/li>\n<\/ul>\n<p style=\"text-align: justify\"><span style=\"font-family: arial, helvetica, sans-serif\">Imponente y arrolladora partitura.<\/span><\/p>\n<p style=\"text-align: justify\"><span style=\"font-family: arial, helvetica, sans-serif\"><img loading=\"lazy\" decoding=\"async\" src=\"http:\/\/www.gifss.es\/terror\/fantasmas\/fantasma-02.gif\" width=\"143\" height=\"169\" align=\"right\" \/><\/span><\/p>\n<p style=\"text-align: justify\"><span style=\"font-family: arial, helvetica, sans-serif\">El compositor\u00a0describe el horror y el caos a trav\u00e9s de melod\u00edas\u00a0\u00a0\u00a0fantasmag\u00f3ricas, g\u00f3ticas,\u00a0excesivas y ca\u00f3ticas, que refuerzan el poder del siniestro protagonista y configuran su entorno con un halo de espeluznante pesadilla.<\/span><\/p>\n<\/div>\n\n<!-- iframe plugin v.6.0 wordpress.org\/plugins\/iframe\/ -->\n<iframe loading=\"lazy\" width=\"560\" height=\"315\" src=\"https:\/\/www.youtube.com\/embed\/9E-yYkVQmg8\" scrolling=\"yes\" class=\"iframe-class\" frameborder=\"0\"><\/iframe>\n\n<div class=\"entry\">\n<ul>\n<li><span style=\"font-family: arial, helvetica, sans-serif\"><span style=\"color: #ff00ff\"><strong>THE RIN<span style=\"color: #ff00ff\">G <\/span><\/strong><strong>(2002)\u00a0BSO Hans Zimmer<\/strong>.<\/span><\/span><\/li>\n<\/ul>\n<p><img loading=\"lazy\" decoding=\"async\" src=\"http:\/\/www.gifss.es\/terror\/fantasmas\/fantasma-02.gif\" width=\"143\" height=\"169\" align=\"left\" \/><\/p>\n<p><img loading=\"lazy\" decoding=\"async\" class=\" alignright\" src=\"https:\/\/2.bp.blogspot.com\/-wW0OGZrxGN8\/ViqHWmsL6uI\/AAAAAAAAAJc\/aubqMUI19pM\/s1600\/The-Ring-Poster.jpg\" width=\"196\" height=\"247\" \/><\/p>\n<p style=\"text-align: justify\"><span style=\"font-family: arial, helvetica, sans-serif\">Esta \u00a0pel\u00edcula de terror psicol\u00f3gico (remake de una cinta de terror japonesa) cuenta con la maestr\u00eda musical del gran <strong>Zimmer<\/strong>.\u00a0<\/span><\/p>\n<p style=\"text-align: justify\"><span style=\"font-family: arial, helvetica, sans-serif\">Los instrumentos de cuerda son los principales protagonistas de esta banda sonora, con unos movimientos que van desde los m\u00e1s lentos y oscuros hasta los m\u00e1s fren\u00e9ticos cargados de tensi\u00f3n, suspense y peligro. Destaca en este sentido el arranque de\u00a0\u201dThis is going to hurt\u201d, donde la cuerda expresa a la perfecci\u00f3n todo el sufrimiento de los protagonistas, con un ritmo r\u00e1pido, agudo y un tanto desafinado<\/span>.<\/p>\n<\/div>\n\n<!-- iframe plugin v.6.0 wordpress.org\/plugins\/iframe\/ -->\n<iframe loading=\"lazy\" width=\"560\" height=\"315\" src=\"https:\/\/www.youtube.com\/embed\/gNvpShVMuVc\" scrolling=\"yes\" class=\"iframe-class\" frameborder=\"0\"><\/iframe>\n\n<div class=\"entry\">\n<div class=\"paragraph\" data-wp-editing=\"1\"><\/div>\n<div class=\"paragraph\" style=\"text-align: center\" data-wp-editing=\"1\"><strong><span style=\"color: #0000ff\">ACTIVIDAD<\/span> <img loading=\"lazy\" decoding=\"async\" class=\"alignnone size-thumbnail wp-image-8224\" src=\"http:\/\/edublog.educastur.es\/unamusicadecine\/files\/2023\/12\/D4ADBE8B-56BF-4B9F-AF53-59B44CB25317-150x150.png\" alt=\"\" width=\"150\" height=\"150\" srcset=\"https:\/\/edublog.educastur.es\/unamusicadecine\/files\/2023\/12\/D4ADBE8B-56BF-4B9F-AF53-59B44CB25317-150x150.png 150w, https:\/\/edublog.educastur.es\/unamusicadecine\/files\/2023\/12\/D4ADBE8B-56BF-4B9F-AF53-59B44CB25317-300x300.png 300w, https:\/\/edublog.educastur.es\/unamusicadecine\/files\/2023\/12\/D4ADBE8B-56BF-4B9F-AF53-59B44CB25317-85x85.png 85w, https:\/\/edublog.educastur.es\/unamusicadecine\/files\/2023\/12\/D4ADBE8B-56BF-4B9F-AF53-59B44CB25317.png 398w\" sizes=\"auto, (max-width: 150px) 100vw, 150px\" \/><\/strong><\/div>\n<ul>\n<li><span style=\"font-family: arial, helvetica, sans-serif\"><strong>Contesta a estas preguntas:<\/strong><\/span><\/li>\n<\/ul>\n<ol>\n<li><strong><span style=\"font-family: arial, helvetica, sans-serif\">Enumera las pel\u00edculas que aparecen en el post.<\/span><\/strong><\/li>\n<li><strong><span style=\"font-family: arial, helvetica, sans-serif\">Indica los autores de cada banda sonora.<\/span><\/strong><\/li>\n<li style=\"text-align: justify\"><span style=\"font-family: arial, helvetica, sans-serif\"><strong>\u00bfEn qu\u00e9 pel\u00edcula aparece el \u201cDies Irae\u201d? \u00bfA qui\u00e9n se le atribuye este himno? \u00bfCu\u00e1l es su significado?<\/strong><\/span><\/li>\n<li style=\"text-align: justify\"><strong><span style=\"font-family: arial, helvetica, sans-serif\">El compositor decidi\u00f3 usar violines y s\u00f3lo cuerdas en la banda sonora de &#8230;&#8230;&#8230;&#8230;..<\/span><\/strong><\/li>\n<li style=\"text-align: justify\"><strong><span style=\"font-family: arial, helvetica, sans-serif\">Una melod\u00eda para piano sencilla y sin adornos que produce escalofr\u00edos pertenece a la banda sonora de &#8230;&#8230;&#8230;&#8230;&#8230;<\/span><\/strong><\/li>\n<li><strong><span style=\"font-family: arial, helvetica, sans-serif\">\u00bfQu\u00e9 banda sonora del post gan\u00f3 un \u00d3scar?<\/span><\/strong><\/li>\n<li><span style=\"font-family: arial, helvetica, sans-serif\"><strong>\u00bfQu\u00e9 sentimientos te transmite la m\u00fasica en cada una de las bandas sonoras?<\/strong><\/span><\/li>\n<li><span style=\"font-family: arial, helvetica, sans-serif\"><strong>\u00bfTe ha parecido interesante el post?. Explica lo que te ha aportado.<\/strong><\/span><\/li>\n<\/ol>\n<p><img loading=\"lazy\" decoding=\"async\" class=\"alignnone wp-image-8790\" src=\"http:\/\/edublog.educastur.es\/unamusicadecine\/files\/2020\/10\/0F26DC2D-E665-44F8-B33A-0BD2C7757B9A-150x150.png\" alt=\"\" width=\"189\" height=\"189\" srcset=\"https:\/\/edublog.educastur.es\/unamusicadecine\/files\/2020\/10\/0F26DC2D-E665-44F8-B33A-0BD2C7757B9A-150x150.png 150w, https:\/\/edublog.educastur.es\/unamusicadecine\/files\/2020\/10\/0F26DC2D-E665-44F8-B33A-0BD2C7757B9A-300x300.png 300w, https:\/\/edublog.educastur.es\/unamusicadecine\/files\/2020\/10\/0F26DC2D-E665-44F8-B33A-0BD2C7757B9A-85x85.png 85w, https:\/\/edublog.educastur.es\/unamusicadecine\/files\/2020\/10\/0F26DC2D-E665-44F8-B33A-0BD2C7757B9A.png 398w\" sizes=\"auto, (max-width: 189px) 100vw, 189px\" \/><\/p>\n<\/div>\n","protected":false},"excerpt":{"rendered":"<p>\u00bfEst\u00e1is preparados para pasar miedo? Pues seguid leyendo este post. La noche m\u00e1s terror\u00edfica del a\u00f1o se acerca, la noche de \u00a0Halloween, y qu\u00e9\u00a0mejor ocasi\u00f3n para hacer un homenaje a esas canciones de miedo que han servido como banda sonora de las pel\u00edculas de terror a lo largo de los a\u00f1os. Aunque la lista de [&hellip;]<\/p>\n","protected":false},"author":334,"featured_media":0,"comment_status":"open","ping_status":"open","sticky":false,"template":"","format":"standard","meta":{"footnotes":""},"categories":[3,2],"tags":[],"class_list":["post-960","post","type-post","status-publish","format-standard","hentry","category-comentamos-una-banda-sonora","category-ultimas-noticias"],"_links":{"self":[{"href":"https:\/\/edublog.educastur.es\/unamusicadecine\/wp-json\/wp\/v2\/posts\/960","targetHints":{"allow":["GET"]}}],"collection":[{"href":"https:\/\/edublog.educastur.es\/unamusicadecine\/wp-json\/wp\/v2\/posts"}],"about":[{"href":"https:\/\/edublog.educastur.es\/unamusicadecine\/wp-json\/wp\/v2\/types\/post"}],"author":[{"embeddable":true,"href":"https:\/\/edublog.educastur.es\/unamusicadecine\/wp-json\/wp\/v2\/users\/334"}],"replies":[{"embeddable":true,"href":"https:\/\/edublog.educastur.es\/unamusicadecine\/wp-json\/wp\/v2\/comments?post=960"}],"version-history":[{"count":25,"href":"https:\/\/edublog.educastur.es\/unamusicadecine\/wp-json\/wp\/v2\/posts\/960\/revisions"}],"predecessor-version":[{"id":9027,"href":"https:\/\/edublog.educastur.es\/unamusicadecine\/wp-json\/wp\/v2\/posts\/960\/revisions\/9027"}],"wp:attachment":[{"href":"https:\/\/edublog.educastur.es\/unamusicadecine\/wp-json\/wp\/v2\/media?parent=960"}],"wp:term":[{"taxonomy":"category","embeddable":true,"href":"https:\/\/edublog.educastur.es\/unamusicadecine\/wp-json\/wp\/v2\/categories?post=960"},{"taxonomy":"post_tag","embeddable":true,"href":"https:\/\/edublog.educastur.es\/unamusicadecine\/wp-json\/wp\/v2\/tags?post=960"}],"curies":[{"name":"wp","href":"https:\/\/api.w.org\/{rel}","templated":true}]}}