{"id":969,"date":"2020-10-02T20:31:44","date_gmt":"2020-10-02T18:31:44","guid":{"rendered":"https:\/\/edublog.educastur.es\/unamusicadecine\/?p=969"},"modified":"2025-01-13T21:25:13","modified_gmt":"2025-01-13T19:25:13","slug":"los-goliardos-en-el-cine-o-fortuna","status":"publish","type":"post","link":"https:\/\/edublog.educastur.es\/unamusicadecine\/2020\/10\/02\/los-goliardos-en-el-cine-o-fortuna\/","title":{"rendered":"LOS GOLIARDOS EN EL CINE. O FORTUNA."},"content":{"rendered":"<div id=\"post-301\" class=\"post\">\n<div class=\"entry\">\n<p style=\"text-align: justify\"><span style=\"font-family: arial, helvetica, sans-serif\">El motivo de este post, es que estoy tocando ,\u201dO Fortuna\u201d, con mis alumnos de 2\u00ba de ESO, y me han pedido que suba al blog la partitura. Pero antes de eso, voy a hacer un recorrido desde los or\u00edgenes de este c\u00e9lebre tema musical hasta su incursi\u00f3n en el cine, aprovechando que vamos a empezar con el tema de la Edad Media.<\/span><\/p>\n<ul style=\"text-align: justify\">\n<li><span style=\"color: #ff00ff;font-family: arial, helvetica, sans-serif\"><strong>Los goliardos<\/strong><\/span><\/li>\n<\/ul>\n<p style=\"text-align: justify\"><span style=\"font-family: arial, helvetica, sans-serif\"><img loading=\"lazy\" decoding=\"async\" class=\"alignleft\" src=\"http:\/\/1.bp.blogspot.com\/_Dl5T9fi-UEw\/St8RQlQ9K9I\/AAAAAAAAAxw\/pnJwURhIqy4\/s1600\/carmina-burana.jpg\" width=\"327\" height=\"227\" \/><\/span><\/p>\n<p style=\"text-align: justify\"><span style=\"font-family: arial, helvetica, sans-serif\">El t\u00e9rmino goliardo se us\u00f3 durante la Edad Media para referirse a cierto tipo de cl\u00e9rigos vagabundos y a los estudiantes\u00a0\u00a0que proliferaron en Europa con el auge de la vida urbana <\/span><span style=\"font-family: arial, helvetica, sans-serif\">y el surgimiento de las universidades en el siglo XIII. <\/span><\/p>\n<p style=\"text-align: justify\"><span style=\"font-family: arial, helvetica, sans-serif\">La mayor parte de ellos estudiaron en las universidades de Francia, Alemania, Italia e Inglaterra.<\/span><\/p>\n<p style=\"text-align: justify\"><span style=\"font-family: arial, helvetica, sans-serif\"> Los goliardos llevaban una vida disoluta \u00a0y escrib\u00edan sobre el vino, el amor, los placeres del mundo, pero con una maestr\u00eda y oficio dif\u00edciles de igualar, cultivando una poes\u00eda culta, aunque profana.<\/span><\/p>\n<ul style=\"text-align: justify\">\n<li><span style=\"font-family: arial, helvetica, sans-serif\"><strong><span style=\"color: #ff00ff\">Carmina Burana.<\/span><\/strong><strong>\u00a0<\/strong><\/span><\/li>\n<\/ul>\n<p style=\"text-align: justify\"><span style=\"font-family: arial,helvetica,sans-serif\">Es el nombre dado a la colecci\u00f3n de cantos goliardos de los siglos XII y XIII reunidos en el manuscrito encontrado<img loading=\"lazy\" decoding=\"async\" class=\"alignright\" src=\"https:\/\/th.bing.com\/th\/id\/OIP.YK9T9gzoWllAQ52wW3ajQwHaKw?pid=ImgDet&amp;rs=1\" width=\"146\" height=\"229\" \/> en la\u00a0\u00a0abad\u00eda de Bura Sancti Benedicti (Benediktbeuern), en Baviera (Alemania). El c\u00f3dice recoge un total de 300 rimas, escritas en su mayor\u00eda en lat\u00edn. En estos poemas se hace gala del gozo por vivir y del inter\u00e9s por los placeres terrenales, por el amor carnal y por el goce de la naturaleza, todo ello con una cr\u00edtica sat\u00edrica a los estamentos sociales y eclesi\u00e1sticos.\u00a0\u00a0La importancia de esta serie de textos medievales radica en que es <em>la m\u00e1s grande y antigua colecci\u00f3n de versos de car\u00e1cter laico del medievo<\/em>.<\/span><\/p>\n<ul style=\"text-align: justify\">\n<li><span style=\"font-family: arial, helvetica, sans-serif\"><strong>\u00a0<span style=\"color: #ff00ff\">O Fortuna.<\/span><\/strong><\/span><\/li>\n<\/ul>\n<p style=\"text-align: justify\"><span style=\"font-family: arial, helvetica, sans-serif\">Es un poema goliardo escrito en lat\u00edn medieval a principios del siglo XIII, que forma parte de la colecci\u00f3n conocida como Carmina Burana. Est\u00e1 dedicado a Fortuna, diosa romana de la suerte, cuyo nombre en it\u00e1lico era Vortumna, que significa \u201cla que rueda\u201d. <img loading=\"lazy\" decoding=\"async\" class=\"size-thumbnail alignnone\" src=\"https:\/\/upload.wikimedia.org\/wikipedia\/commons\/thumb\/7\/74\/Fortuna_or_Fortune.jpg\/220px-Fortuna_or_Fortune.jpg\" width=\"220\" height=\"334\" \/><\/span><\/p>\n<ul style=\"text-align: justify\">\n<li><span style=\"font-family: arial, helvetica, sans-serif\"><strong><span style=\"color: #ff00ff\">Carl Orff. Carmina Burana<\/span><\/strong><strong><span style=\"color: #ff00ff\">\u00a0<\/span><\/strong><\/span><\/li>\n<\/ul>\n<p style=\"text-align: justify\"><img loading=\"lazy\" decoding=\"async\" class=\"alignleft\" style=\"border-style: dotted\" src=\"https:\/\/guaridadelpensamiento.files.wordpress.com\/2012\/05\/carl-orff.jpg\" width=\"332\" height=\"232\" \/><\/p>\n<p style=\"text-align: justify\"><span style=\"font-family: arial, helvetica, sans-serif\"><strong>Carl Orff<\/strong>\u00a0(Munich, 1895 &#8211; 1982), es un compositor alem\u00e1n que\u00a0salt\u00f3 a la fama como compositor en 1937, cuando dio a conocer su cantata\u00a0<strong>Carmina Burana<\/strong>, que es una versi\u00f3n en clave moderna de los famosos poemas medievales.<\/span><\/p>\n<p style=\"text-align: justify\"><span style=\"font-family: arial, helvetica, sans-serif\">Tambi\u00e9n el compositor destac\u00f3 por desarrollar un sistema de ense\u00f1anza musical para ni\u00f1os de notables resultados (<strong>Schulwerk\u00a0o\u00a0m\u00e9todo Orff<\/strong>).<\/span><\/p>\n<p style=\"text-align: justify\"><span style=\"font-family: arial, helvetica, sans-serif\">La obra se compone principalmente de versos en lat\u00edn, aunque cuenta con fragmentos en alem\u00e1n y provenzal antiguo. Su fragmento m\u00e1s conocido es el <strong>O Fortuna<\/strong>, que constituye la primera parte del preludio y que se repite al final de la obra. <img loading=\"lazy\" decoding=\"async\" class=\"alignright\" src=\"https:\/\/media.tacdn.com\/media\/attractions-splice-spp-674x446\/07\/90\/e3\/91.jpg\" width=\"278\" height=\"185\" \/><\/span><\/p>\n<p style=\"text-align: justify\" align=\"justify\"><span style=\"font-family: arial, helvetica, sans-serif\">En la cantata, adem\u00e1s de la orquesta y coros, intervienen solistas (soprano,\u00a0tenor,\u00a0bar\u00edtono), destacando su abundante y espl\u00e9ndida\u00a0percusi\u00f3n.\u00a0La obra de Orff consta de una introducci\u00f3n, tres partes y un final, con un total de veinticinco n\u00fameros.<\/span><\/p>\n<ul style=\"text-align: justify\">\n<li><span style=\"font-family: arial, helvetica, sans-serif\">\u00a0<span style=\"color: #ff00ff\"><strong>Excalibur o la leyenda del rey Arturo a ritmo de goliardo. <\/strong><\/span><\/span><\/li>\n<\/ul>\n<p style=\"text-align: justify\" align=\"justify\"><span style=\"font-family: arial, helvetica, sans-serif\">Si hay alg\u00fan tema musical que est\u00e1 presente en anuncios, series y pel\u00edculas, \u00e9ste es uno de los que m\u00e1s veces hemos escuchado, su fuerza y dramatismo aparece muchas veces en las escenas que lo requieren.<\/span><\/p>\n<p style=\"text-align: justify\" align=\"justify\"><span style=\"font-family: arial, helvetica, sans-serif\"> <img loading=\"lazy\" decoding=\"async\" class=\"alignleft\" src=\"https:\/\/i.etsystatic.com\/12656570\/r\/il\/399cac\/976765564\/il_570xN.976765564_1gvi.jpg\" width=\"356\" height=\"237\" \/>Aunque hay m\u00e1s de una pel\u00edcula donde aparece la pieza m\u00e1s popular del Carmina Burana, <em>O<\/em>\u00a0<em>Fortuna<\/em>, voy a hacer una menci\u00f3n especial a la pel\u00edcula <span style=\"color: #ff00ff\"><strong>\u201cExcalibur\u201d (1981).<\/strong><\/span><\/span><\/p>\n<p style=\"text-align: justify\" align=\"justify\"><span style=\"font-family: arial, helvetica, sans-serif\"> <img loading=\"lazy\" decoding=\"async\" class=\"alignnone\" src=\"https:\/\/images.mubicdn.net\/images\/cast_member\/10136\/cache-2652-1544299970\/image-w856.jpg\" width=\"164\" height=\"195\" \/> Esta \u00e9pica pel\u00edcula dirigida por <strong>John Boorman<\/strong> logr\u00f3 plasmar como nadie el misterio, la magia y la mitolog\u00eda de la leyenda art\u00farica. En ella se<strong>\u00a0<\/strong>contaban los or\u00edgenes, auge y decadencia del Rey Arturo y sus caballeros, todo ello bajo esta poderosa m\u00fasica. Vamos a disfrutar con la obra, a ritmo del rey Arturo y sus caballeros. \u00c9pica y magia en estado puro.<\/span><\/p>\n<p style=\"text-align: justify\" align=\"justify\">\n<!-- iframe plugin v.6.0 wordpress.org\/plugins\/iframe\/ -->\n<iframe loading=\"lazy\" width=\"560\" height=\"315\" src=\"https:\/\/www.youtube.com\/embed\/0JNlOTccdck\" scrolling=\"yes\" class=\"iframe-class\" frameborder=\"0\"><\/iframe>\n<\/p>\n<ul style=\"text-align: justify\">\n<li><span style=\"font-family: arial, helvetica, sans-serif\">\u00a0\u00a0\u00a0<strong><span style=\"color: #ff00ff\">O Fortuna para flauta .<\/span><\/strong><\/span><\/li>\n<\/ul>\n<p style=\"text-align: justify\"><span style=\"font-family: arial, helvetica, sans-serif\">Aqu\u00ed ten\u00e9is la versi\u00f3n para flauta que estamos tocando en clase, <span style=\"color: #0000ff\"><strong>pincha en la imagen<\/strong><\/span>\u00a0y tendr\u00e1s la partitura para copiar y el acompa\u00f1amiento instrumental. Ahora ya no hay excusa para no saber la canci\u00f3n!!!!<\/span><\/p>\n<p style=\"text-align: justify\"><span style=\"font-family: arial, helvetica, sans-serif\"><a href=\"http:\/\/soniamuslares.wixsite.com\/carminaburana\" target=\"_blank\" rel=\"noopener noreferrer\"><img loading=\"lazy\" decoding=\"async\" src=\"https:\/\/elpoderdelamusica.files.wordpress.com\/2015\/10\/captura-de-pantalla-2015-10-11-a-las-17-44-54.png?w=560&amp;h=274\" width=\"540\" height=\"274\" \/><\/a><\/span><\/p>\n<div class=\"paragraph\" style=\"text-align: center\" data-wp-editing=\"1\"><strong><span style=\"color: #0000ff\">ACTIVIDAD<\/span> <img loading=\"lazy\" decoding=\"async\" class=\"alignnone size-thumbnail wp-image-8224\" src=\"http:\/\/edublog.educastur.es\/unamusicadecine\/files\/2023\/12\/D4ADBE8B-56BF-4B9F-AF53-59B44CB25317-150x150.png\" alt=\"\" width=\"150\" height=\"150\" srcset=\"https:\/\/edublog.educastur.es\/unamusicadecine\/files\/2023\/12\/D4ADBE8B-56BF-4B9F-AF53-59B44CB25317-150x150.png 150w, https:\/\/edublog.educastur.es\/unamusicadecine\/files\/2023\/12\/D4ADBE8B-56BF-4B9F-AF53-59B44CB25317-300x300.png 300w, https:\/\/edublog.educastur.es\/unamusicadecine\/files\/2023\/12\/D4ADBE8B-56BF-4B9F-AF53-59B44CB25317-85x85.png 85w, https:\/\/edublog.educastur.es\/unamusicadecine\/files\/2023\/12\/D4ADBE8B-56BF-4B9F-AF53-59B44CB25317.png 398w\" sizes=\"auto, (max-width: 150px) 100vw, 150px\" \/><\/strong><\/div>\n<ul>\n<li style=\"text-align: justify\"><span style=\"font-family: arial, helvetica, sans-serif\"><strong>Contesta a estas preguntas:<\/strong><\/span><\/li>\n<\/ul>\n<ol>\n<li style=\"text-align: justify\"><span style=\"font-family: arial, helvetica, sans-serif\"><strong>\u00bfQui\u00e9nes son los goliardos? \u00bfEn qu\u00e9 \u00e9poca vivieron?<\/strong><\/span><\/li>\n<li style=\"text-align: justify\"><span style=\"font-family: arial, helvetica, sans-serif\"><strong>\u00bfQui\u00e9n era Carl Orff y cu\u00e1l es su relaci\u00f3n con los \u201cCarmina Burana? \u00bfQu\u00e9 sistema de ense\u00f1anza desarroll\u00f3? Realiza una breve biograf\u00eda de Orff. (Ecured)<\/strong><\/span><\/li>\n<li style=\"text-align: justify\"><span style=\"font-family: arial, helvetica, sans-serif\"><strong>\u00bfQu\u00e9 significa el \u201cO Fortuna\u201d? \u00bfA qui\u00e9n est\u00e1 dedicado?<\/strong><\/span><\/li>\n<li style=\"text-align: justify\"><span style=\"font-family: arial, helvetica, sans-serif\"><strong>\u00bfCu\u00e1l es el origen de los \u201cCarmina Burana\u201d? \u00bfPor qu\u00e9 son tan importantes? \u00bfD\u00f3nde se encontraron?<\/strong><\/span><\/li>\n<li style=\"text-align: justify\"><span style=\"font-family: arial, helvetica, sans-serif\"><strong>\u00bfEn qu\u00e9 pel\u00edcula del post se escucha este tema musical? \u00bfQui\u00e9n es el director? Explica los sentimientos que te transmite la m\u00fasica.<\/strong><\/span><\/li>\n<li style=\"text-align: justify\"><strong><span style=\"font-family: arial, helvetica, sans-serif\">Busca otras pel\u00edculas donde se escuche este c\u00e9lebre tema. Completa estos datos de las pel\u00edculas (cuantas m\u00e1s encuentres mejor se valorar\u00e1 la actividad):<\/span><\/strong>\n<ul>\n<li><strong><span style=\"font-family: arial, helvetica, sans-serif\">T\u00edtulo<\/span><\/strong><\/li>\n<li><strong><span style=\"font-family: arial, helvetica, sans-serif\">Director<\/span><\/strong><\/li>\n<li><strong><span style=\"font-family: arial, helvetica, sans-serif\">A\u00f1o de estreno<\/span><\/strong><\/li>\n<li><strong><span style=\"font-family: arial, helvetica, sans-serif\">Breve sinopsis<\/span><\/strong><\/li>\n<li><strong><span style=\"font-family: arial, helvetica, sans-serif\">Link con la escena donde se escuche la m\u00fasica<\/span><\/strong><\/li>\n<li><strong><span style=\"font-family: arial, helvetica, sans-serif\">Sentimientos que aporta la m\u00fasica a la escena<\/span><\/strong><\/li>\n<\/ul>\n<\/li>\n<li style=\"text-align: justify\"><span style=\"font-family: arial, helvetica, sans-serif\"><strong>\u00a0Explica lo que te ha aportado este post.<\/strong><\/span><\/li>\n<\/ol>\n<\/div>\n<\/div>\n<p class=\"navigation\"><img loading=\"lazy\" decoding=\"async\" class=\"alignnone size-thumbnail wp-image-8224\" src=\"http:\/\/edublog.educastur.es\/unamusicadecine\/files\/2023\/12\/D4ADBE8B-56BF-4B9F-AF53-59B44CB25317-150x150.png\" alt=\"\" width=\"150\" height=\"150\" srcset=\"https:\/\/edublog.educastur.es\/unamusicadecine\/files\/2023\/12\/D4ADBE8B-56BF-4B9F-AF53-59B44CB25317-150x150.png 150w, https:\/\/edublog.educastur.es\/unamusicadecine\/files\/2023\/12\/D4ADBE8B-56BF-4B9F-AF53-59B44CB25317-300x300.png 300w, https:\/\/edublog.educastur.es\/unamusicadecine\/files\/2023\/12\/D4ADBE8B-56BF-4B9F-AF53-59B44CB25317-85x85.png 85w, https:\/\/edublog.educastur.es\/unamusicadecine\/files\/2023\/12\/D4ADBE8B-56BF-4B9F-AF53-59B44CB25317.png 398w\" sizes=\"auto, (max-width: 150px) 100vw, 150px\" \/><\/p>\n","protected":false},"excerpt":{"rendered":"<p>El motivo de este post, es que estoy tocando ,\u201dO Fortuna\u201d, con mis alumnos de 2\u00ba de ESO, y me han pedido que suba al blog la partitura. Pero antes de eso, voy a hacer un recorrido desde los or\u00edgenes de este c\u00e9lebre tema musical hasta su incursi\u00f3n en el cine, aprovechando que vamos a [&hellip;]<\/p>\n","protected":false},"author":334,"featured_media":0,"comment_status":"open","ping_status":"closed","sticky":false,"template":"","format":"standard","meta":{"footnotes":""},"categories":[4,9],"tags":[],"class_list":["post-969","post","type-post","status-publish","format-standard","hentry","category-evolucion-de-la-musica-de-cine","category-musica-prestada-al-cine"],"_links":{"self":[{"href":"https:\/\/edublog.educastur.es\/unamusicadecine\/wp-json\/wp\/v2\/posts\/969","targetHints":{"allow":["GET"]}}],"collection":[{"href":"https:\/\/edublog.educastur.es\/unamusicadecine\/wp-json\/wp\/v2\/posts"}],"about":[{"href":"https:\/\/edublog.educastur.es\/unamusicadecine\/wp-json\/wp\/v2\/types\/post"}],"author":[{"embeddable":true,"href":"https:\/\/edublog.educastur.es\/unamusicadecine\/wp-json\/wp\/v2\/users\/334"}],"replies":[{"embeddable":true,"href":"https:\/\/edublog.educastur.es\/unamusicadecine\/wp-json\/wp\/v2\/comments?post=969"}],"version-history":[{"count":35,"href":"https:\/\/edublog.educastur.es\/unamusicadecine\/wp-json\/wp\/v2\/posts\/969\/revisions"}],"predecessor-version":[{"id":9102,"href":"https:\/\/edublog.educastur.es\/unamusicadecine\/wp-json\/wp\/v2\/posts\/969\/revisions\/9102"}],"wp:attachment":[{"href":"https:\/\/edublog.educastur.es\/unamusicadecine\/wp-json\/wp\/v2\/media?parent=969"}],"wp:term":[{"taxonomy":"category","embeddable":true,"href":"https:\/\/edublog.educastur.es\/unamusicadecine\/wp-json\/wp\/v2\/categories?post=969"},{"taxonomy":"post_tag","embeddable":true,"href":"https:\/\/edublog.educastur.es\/unamusicadecine\/wp-json\/wp\/v2\/tags?post=969"}],"curies":[{"name":"wp","href":"https:\/\/api.w.org\/{rel}","templated":true}]}}