{"id":973,"date":"2020-10-02T20:45:12","date_gmt":"2020-10-02T18:45:12","guid":{"rendered":"https:\/\/edublog.educastur.es\/unamusicadecine\/?p=973"},"modified":"2025-01-13T21:24:53","modified_gmt":"2025-01-13T19:24:53","slug":"una-feria-muy-versionada-scarborough-fair","status":"publish","type":"post","link":"https:\/\/edublog.educastur.es\/unamusicadecine\/2020\/10\/02\/una-feria-muy-versionada-scarborough-fair\/","title":{"rendered":"Scarborough Fair. Una feria muy versionada."},"content":{"rendered":"<p style=\"text-align: justify\"><span style=\"font-family: arial, helvetica, sans-serif\">Continuamos en 2\u00ba de ESO estudiando la Edad Media, en este caso la canci\u00f3n que estamos tocando es <strong>\u201cScarborough fair\u201d<\/strong>, una famosa balada de la \u00e9poca muy versionada, y que tambi\u00e9n tuvo su lugar en el cine. Vamos a hacer un peque\u00f1o recorrido para conocer el origen de la canci\u00f3n.<\/span><\/p>\n<ul style=\"text-align: justify\">\n<li><span style=\"font-family: arial, helvetica, sans-serif\"><span style=\"color: #0000ff\"><strong>El nombre de Scarborough<\/strong><\/span>\u00a0 hace referencia a\u00a0una localidad situada en la costa del mar del Norte en Yorkshire (Inglaterra).<\/span><\/li>\n<\/ul>\n<p><img loading=\"lazy\" decoding=\"async\" class=\"alignnone \" src=\"https:\/\/m.media-amazon.com\/images\/I\/91POTh4MbrL._AC_SX425_.jpg\" width=\"256\" height=\"185\" \/><\/p>\n<ul style=\"text-align: justify\">\n<li>\n<p align=\"justify\"><span style=\"font-family: arial, helvetica, sans-serif\"><strong><span style=\"color: #0000ff\">La feria<\/span>\u00a0<\/strong>en tiempos medievales representaba uno de los mayores puntos de referencia comercial de toda Inglaterra, con un enorme mercado que se prolongaba durante 45 d\u00edas a partir del 15 de agosto.<\/span><\/p>\n<\/li>\n<\/ul>\n<p style=\"text-align: justify\"><span style=\"font-family: arial, helvetica, sans-serif\"><img loading=\"lazy\" decoding=\"async\" src=\"http:\/\/trotalomas.files.wordpress.com\/2010\/08\/scarborough_fair.jpg\" width=\"292\" height=\"200\" \/><\/span><\/p>\n<ul style=\"text-align: justify\">\n<li>\n<p align=\"justify\"><span style=\"font-family: arial, helvetica, sans-serif\"><strong><span style=\"color: #0000ff\">El tema<\/span> <\/strong>de esta popular balada medieval gira en torno al desamor; un joven que ha sido abandonado por su novia y quiere recuperarla, para ello\u00a0pide a quien vaya a la feria que\u00a0reclame a su antigua amada cosas imposibles para recuperar su amor.<\/span><\/p>\n<p align=\"justify\"><span style=\"font-family: arial, helvetica, sans-serif\">Las palabras perejil, salvia, romero y tomillo se repiten a modo de estribillo, y se cre\u00eda que pod\u00edan formar una p\u00f3cima de amor muy popular en la Edad Media.<\/span><\/p>\n<\/li>\n<\/ul>\n<p style=\"text-align: justify\" align=\"justify\"><span style=\"font-family: arial, helvetica, sans-serif\"><img loading=\"lazy\" decoding=\"async\" class=\"alignleft\" src=\"http:\/\/1.bp.blogspot.com\/_UdoCfODB1mk\/S4HIxBEV_vI\/AAAAAAAAAqg\/Qg87fUt74bA\/s320\/herbs.jpg\" width=\"320\" height=\"208\" \/><strong>Letra<\/strong>:\u00a0\u00a0\u201c\u00bfVas a la feria de Scarborough? Perejil, salvia, romero y tomillo. Dale recuerdos a alguien que vive all\u00ed, a aquella que fue mi\u00a0amor\u00a0verdadero. (\u2026) Si dices que no puedes, entonces te responder\u00e9: Perejil, salvia, romero y tomillo. Oh, hazme saber que al menos lo intentar\u00e1s, o nunca ser\u00e1s mi amor verdadero\u201d.<\/span><\/p>\n<ul style=\"text-align: justify\">\n<li>\n<p align=\"justify\"><span style=\"font-family: arial, helvetica, sans-serif\"><strong><span style=\"color: #0000ff\">En el cine<\/span>.\u00a0<\/strong>La balada tiene multitud de versiones y letras diferentes aunque la m\u00e1s conocida es la del duo <strong>Simon<\/strong> y <strong>Garfunkel<\/strong> que aparece en el \u00e1lbum <em>\u201cParsley, Sage, Rosemary and Thyme\u201d<\/em> de 1966. <img loading=\"lazy\" decoding=\"async\" class=\"alignleft\" src=\"https:\/\/images-na.ssl-images-amazon.com\/images\/I\/71mur8wW5-L._SL1500_.jpg\" width=\"203\" height=\"203\" \/><\/span><\/p>\n<\/li>\n<\/ul>\n<p align=\"justify\"><span style=\"font-family: arial, helvetica, sans-serif\">Pero el aut\u00e9ntico \u00e9xito llegar\u00eda de la mano del cine y en concreto de la pel\u00edcula <strong>\u201cEl graduado\u201d<\/strong>,<strong>\u00a0<\/strong>filme de 1967 cuyo \u00e9xito se debe en gran parte a su banda sonora, con canciones del duo de folk, entre las que se encuentra la famosa balada. La pel\u00edcula estaba dirigida por\u00a0<strong>Mike<\/strong> <strong>Nichols<\/strong>\u00a0y <strong>Dustin Hoffman<\/strong> era uno de los principales int\u00e9rpretes.<\/span><\/p>\n<p style=\"text-align: justify\"><span style=\"font-family: arial, helvetica, sans-serif\"><img loading=\"lazy\" decoding=\"async\" src=\"http:\/\/2.bp.blogspot.com\/-6R_rZL2mohA\/Tr-fZaJJomI\/AAAAAAAABVU\/Ib9YXwEieIM\/s1600\/El+graduado.jpg\" width=\"169\" height=\"248\" align=\"texttop\" \/><\/span><\/p>\n<p style=\"text-align: justify\"><span style=\"font-family: arial, helvetica, sans-serif\">\n<!-- iframe plugin v.6.0 wordpress.org\/plugins\/iframe\/ -->\n<iframe loading=\"lazy\" width=\"560\" height=\"315\" src=\"https:\/\/www.youtube.com\/embed\/xLQphyy4YNw?\" scrolling=\"yes\" class=\"iframe-class\" frameborder=\"0\"><\/iframe>\n<\/span><\/p>\n<ul style=\"text-align: justify\">\n<li>\n<p align=\"justify\"><span style=\"font-family: arial, helvetica, sans-serif\"><strong><span style=\"color: #0000ff\">En la televisi\u00f3n<\/span>. <\/strong> <img loading=\"lazy\" decoding=\"async\" class=\"alignright\" src=\"https:\/\/m.media-amazon.com\/images\/M\/MV5BOGNlYmY1MDYtNjNmYy00N2RkLTljYmUtNTcyNDIwNGI5ZDZjXkEyXkFqcGdeQXVyMjExMjk0ODk@._V1_.jpg\" width=\"165\" height=\"248\" \/><strong>\u201cRosemary and Thyme\u201d<\/strong> es una serie de televisi\u00f3n inglesa del 2004 con tramas detectivescas que en esta ocasi\u00f3n se combinan con la jardiner\u00eda. La sinton\u00eda de la serie cuenta con la\u00a0 participaci\u00f3n del famoso guitarrista <strong>John Williams<\/strong> <img loading=\"lazy\" decoding=\"async\" class=\"alignnone \" src=\"https:\/\/encrypted-tbn0.gstatic.com\/images?q=tbn:ANd9GcSZBgp7BBdZJCyPeibIR3VPDU-5GqFdeEWr21j86qHSwL_sPKPXU1WdKuF4UU1TbolTBAQ&amp;usqp=CAU\" width=\"180\" height=\"149\" \/>\u00a0que interpreta la popular melod\u00eda tradicional inglesa.<\/span><\/p>\n<\/li>\n<\/ul>\n<p style=\"text-align: justify\"><span style=\"font-family: arial, helvetica, sans-serif\">\n<!-- iframe plugin v.6.0 wordpress.org\/plugins\/iframe\/ -->\n<iframe loading=\"lazy\" width=\"560\" height=\"315\" src=\"https:\/\/www.youtube.com\/embed\/Uqg7GN21T0U\" scrolling=\"yes\" class=\"iframe-class\" frameborder=\"0\"><\/iframe>\n<\/span><\/p>\n<p style=\"text-align: justify\" align=\"justify\"><span style=\"font-family: arial, helvetica, sans-serif\">El c\u00e9lebre tema \u00faltimamente ha vuelto a adquirir popularidad gracias a la serie de televisi\u00f3n <strong>\u201cAguila Roja\u201d<\/strong> (2009).<\/span><\/p>\n<p style=\"text-align: justify\" align=\"justify\"><span style=\"font-family: arial, helvetica, sans-serif\"><strong>Inma Cuesta<\/strong>, la actriz que interpreta a Margarita, <img loading=\"lazy\" decoding=\"async\" class=\"alignnone\" src=\"http:\/\/www.formulatv.com\/images\/fgaleria\/35800\/35842_inma-cuesta-margarita-quinta-temporada-aguila-roja.jpg\" width=\"256\" height=\"170\" align=\"texttop\" \/> <\/span><\/p>\n<p style=\"text-align: justify\" align=\"justify\"><span style=\"font-family: arial, helvetica, sans-serif\">es una consumada cantante que ya ha trabajado en el campo de los musicales. En esta ocasi\u00f3n interpreta una versi\u00f3n de la balada, cuya letra ha sido variada para adaptar a la serie.<\/span><\/p>\n<p style=\"text-align: justify\"><span style=\"font-family: arial, helvetica, sans-serif\">\n<!-- iframe plugin v.6.0 wordpress.org\/plugins\/iframe\/ -->\n<iframe loading=\"lazy\" width=\"560\" height=\"315\" src=\"https:\/\/www.youtube.com\/embed\/Mb5iLOVHrUo\" scrolling=\"yes\" class=\"iframe-class\" frameborder=\"0\"><\/iframe>\n<\/span><\/p>\n<ul style=\"text-align: justify\">\n<li><span style=\"font-family: arial, helvetica, sans-serif\">\u00a0<strong><span style=\"color: #0000ff\">Versiones.<\/span><\/strong> Sin duda es una de las melod\u00edas m\u00e1s versionadas bajo distintos estilos de m\u00fasica. Vamos a hacer un peque\u00f1o recorrido de las mismas.<\/span><\/li>\n<\/ul>\n<p style=\"text-align: justify\" align=\"justify\"><span style=\"font-family: arial, helvetica, sans-serif\"><img loading=\"lazy\" decoding=\"async\" class=\"alignright\" src=\"https:\/\/static1.abc.es\/media\/cultura\/2016\/12\/28\/LuarNaLubre-kMII--620x349@abc.jpg\" width=\"213\" height=\"120\" \/> En Espa\u00f1a hay que destacar dos versiones, la primera de 1999 del grupo de\u00a0 folk gallego <strong>Luar Na Lubre<\/strong>, incluida en su disco <em>\u201cCabo del Mundo\u201d<\/em> con el t\u00edtulo <em>\u201dRomeiro Ao Lonxe\u201d<\/em>, y letra en gallego.<\/span><\/p>\n<p style=\"text-align: justify\" align=\"justify\"><span style=\"font-family: arial, helvetica, sans-serif\">\n<!-- iframe plugin v.6.0 wordpress.org\/plugins\/iframe\/ -->\n<iframe loading=\"lazy\" width=\"560\" height=\"315\" src=\"https:\/\/www.youtube.com\/embed\/T8A-GJ0WMnk\" scrolling=\"yes\" class=\"iframe-class\" frameborder=\"0\"><\/iframe>\n<br \/>\n<\/span><\/p>\n<p style=\"text-align: justify\" align=\"justify\"><span style=\"font-family: arial, helvetica, sans-serif\"><img decoding=\"async\" class=\"alignleft\" src=\"https:\/\/static1.elcorreo.com\/www\/multimedia\/201906\/14\/media\/cortadas\/mago-de-oz-kfaB-U80514253333OCH-624x385@El%20Correo.jpg\" alt=\"\" width=\"213\" \/>La segunda versi\u00f3n de la banda espa\u00f1ola de heavy\/folk metal, <strong>Mago de Oz<\/strong>, incluida en su disco <em>\u201cFinisterra\u201d<\/em> (2000). Se llama <em>\u201cDuerme\u201d<\/em> y es una adaptaci\u00f3n en forma de nana.<\/span><\/p>\n<p style=\"text-align: justify\" align=\"justify\"><span style=\"font-family: arial, helvetica, sans-serif\">\n<!-- iframe plugin v.6.0 wordpress.org\/plugins\/iframe\/ -->\n<iframe loading=\"lazy\" width=\"560\" height=\"315\" src=\"https:\/\/www.youtube.com\/embed\/Qs_rr8er7ak\" scrolling=\"yes\" class=\"iframe-class\" frameborder=\"0\"><\/iframe>\n<\/span><\/p>\n<p style=\"text-align: justify\" align=\"justify\"><span style=\"font-family: arial, helvetica, sans-serif\"><img loading=\"lazy\" decoding=\"async\" class=\"size-thumbnail alignright\" src=\"https:\/\/www.spirit-of-metal.com\/les%20goupes\/L\/Leaves'%20Eyes\/pics\/bc34_2.jpg\" width=\"213\" height=\"112\" \/>Desde Noruega nos llega esta versi\u00f3n hecha por el grupo de heavy, <strong>Leaves\u00b4Eyes<\/strong>, que se incluye en el disco <em>\u201cNjord\u201d<\/em> (2009).<\/span><\/p>\n<p style=\"text-align: justify\" align=\"justify\"><span style=\"font-family: arial, helvetica, sans-serif\"> \n<!-- iframe plugin v.6.0 wordpress.org\/plugins\/iframe\/ -->\n<iframe loading=\"lazy\" width=\"560\" height=\"315\" src=\"https:\/\/www.youtube.com\/embed\/6lDDLTHQBx4\" scrolling=\"yes\" class=\"iframe-class\" frameborder=\"0\"><\/iframe>\n<\/span><\/p>\n<p style=\"text-align: justify\" align=\"justify\"><span style=\"font-family: arial, helvetica, sans-serif\"><img loading=\"lazy\" decoding=\"async\" class=\"size-thumbnail alignleft\" src=\"https:\/\/medialab.unmsm.edu.pe\/chiqaqnews\/wp-content\/uploads\/2020\/12\/Sarah-Brightman-1.jpg\" width=\"213\" height=\"117\" \/>La \u00faltima\u00a0 versi\u00f3n que voy a poner es la m\u00e1s oper\u00edstica, interpretada por la soprano, actriz y bailarina brit\u00e1nica <strong>Sara Brightman.\u00a0\u00a0\u00a0\u00a0\u00a0\u00a0\u00a0\u00a0\u00a0\u00a0\u00a0\u00a0\u00a0\u00a0\u00a0\u00a0\u00a0\u00a0\u00a0\u00a0 <\/strong><\/span><\/p>\n<p style=\"text-align: justify\" align=\"justify\"><span style=\"font-family: arial, helvetica, sans-serif\">\n<!-- iframe plugin v.6.0 wordpress.org\/plugins\/iframe\/ -->\n<iframe loading=\"lazy\" width=\"560\" height=\"315\" src=\"https:\/\/www.youtube.com\/embed\/oJLNCTdJKu4\" scrolling=\"yes\" class=\"iframe-class\" frameborder=\"0\"><\/iframe>\n<\/span><\/p>\n<ul style=\"text-align: justify\">\n<li><span style=\"font-family: arial, helvetica, sans-serif\"><strong><span style=\"color: #0000ff\">Nuestra versi\u00f3n para flauta. <\/span><\/strong>Ahora a practicar la canci\u00f3n que estamos tocando en clase. <span style=\"color: #0000ff\"><strong>Pincha en la imagen<\/strong> y a tocar!!!!!!!!<\/span><\/span><\/li>\n<\/ul>\n<p><a href=\"https:\/\/elbaulde7notas.wixsite.com\/scarboroughfair\"><img loading=\"lazy\" decoding=\"async\" class=\"alignnone size-thumbnail\" src=\"https:\/\/1.bp.blogspot.com\/-jpcj9DyESrs\/XFc-X9XatiI\/AAAAAAAABlw\/BkDP6xjSD9kFrxW2juBd24F1w8FEoKS_QCLcBGAs\/s640\/Captura2.JPG\" width=\"640\" height=\"306\" \/><\/a><\/p>\n<p style=\"text-align: justify\" align=\"justify\"><span style=\"font-family: arial, helvetica, sans-serif\">Para terminar vamos a re\u00edrnos y a disfrutar con esta versi\u00f3n que aparece en el famoso <strong>\u201cShow<\/strong> <strong>de los Tele\u00f1ecos\u201d<\/strong> con la sorprendente interpretaci\u00f3n de la cerdita <strong>Peggy<\/strong> y el cantante <strong>Paul Simon <\/strong>tocando el la\u00fad. Casi nada !!!<br \/>\n<\/span><\/p>\n<p style=\"text-align: justify\" align=\"justify\"><span style=\"font-family: arial, helvetica, sans-serif\"><img loading=\"lazy\" decoding=\"async\" src=\"http:\/\/1.bp.blogspot.com\/_mhyzW5rK904\/TSYi88l5-DI\/AAAAAAAABrU\/6jGaYV9fXI8\/s1600\/10.+Paul+Simon+Blog.jpg\" width=\"300\" height=\"232\" \/><\/span><\/p>\n<p style=\"text-align: justify\"><span style=\"font-family: arial, helvetica, sans-serif\">\n<!-- iframe plugin v.6.0 wordpress.org\/plugins\/iframe\/ -->\n<iframe loading=\"lazy\" width=\"560\" height=\"315\" src=\"https:\/\/www.youtube.com\/embed\/dCcKIPbQiHY\" scrolling=\"yes\" class=\"iframe-class\" frameborder=\"0\"><\/iframe>\n<\/span><\/p>\n<div class=\"paragraph\" style=\"text-align: center\" data-wp-editing=\"1\"><strong><span style=\"color: #0000ff;font-family: arial, helvetica, sans-serif\">ACTIVIDAD <\/span><img loading=\"lazy\" decoding=\"async\" class=\"alignnone size-thumbnail wp-image-8224\" src=\"http:\/\/edublog.educastur.es\/unamusicadecine\/files\/2023\/12\/D4ADBE8B-56BF-4B9F-AF53-59B44CB25317-150x150.png\" alt=\"\" width=\"150\" height=\"150\" srcset=\"https:\/\/edublog.educastur.es\/unamusicadecine\/files\/2023\/12\/D4ADBE8B-56BF-4B9F-AF53-59B44CB25317-150x150.png 150w, https:\/\/edublog.educastur.es\/unamusicadecine\/files\/2023\/12\/D4ADBE8B-56BF-4B9F-AF53-59B44CB25317-300x300.png 300w, https:\/\/edublog.educastur.es\/unamusicadecine\/files\/2023\/12\/D4ADBE8B-56BF-4B9F-AF53-59B44CB25317-85x85.png 85w, https:\/\/edublog.educastur.es\/unamusicadecine\/files\/2023\/12\/D4ADBE8B-56BF-4B9F-AF53-59B44CB25317.png 398w\" sizes=\"auto, (max-width: 150px) 100vw, 150px\" \/><\/strong><\/div>\n<ul>\n<li style=\"text-align: justify\"><span style=\"font-family: arial, helvetica, sans-serif\"><strong>Contesta a estas preguntas:<\/strong><\/span><\/li>\n<\/ul>\n<ol>\n<li style=\"text-align: justify\"><span style=\"font-family: arial, helvetica, sans-serif\"><strong>\u00bfA qu\u00e9 hace referencia el nombre de la canci\u00f3n?<\/strong><\/span><\/li>\n<li style=\"text-align: justify\"><span style=\"font-family: arial, helvetica, sans-serif\"><strong>\u00bfCu\u00e1ndo se us\u00f3 por primera vez en el cine?<\/strong><\/span><\/li>\n<li style=\"text-align: justify\"><span style=\"font-family: arial, helvetica, sans-serif\"><strong>\u00bfQu\u00e9 famoso d\u00fao musical hizo una versi\u00f3n de la canci\u00f3n? Realiza una breve biograf\u00eda del d\u00fao.<\/strong><\/span><\/li>\n<li style=\"text-align: justify\"><span style=\"font-family: arial, helvetica, sans-serif\"><strong>\u00bfCu\u00e1l es el tema de la canci\u00f3n?<\/strong><\/span><\/li>\n<li style=\"text-align: justify\"><span style=\"font-family: arial, helvetica, sans-serif\"><strong>\u00bfEn qu\u00e9 serie de televisi\u00f3n inglesa se ha utilizado? \u00bfQu\u00e9 famoso guitarrista la interpreta? Realiza una breve biograf\u00eda.<\/strong><\/span><\/li>\n<li style=\"text-align: justify\"><span style=\"font-family: arial, helvetica, sans-serif\"><strong>\u00bfEn qu\u00e9 serie de televisi\u00f3n espa\u00f1ola se ha utilizado? \u00bfQui\u00e9n la interpreta? Realiza una breve biograf\u00eda de la actriz.<\/strong><\/span><\/li>\n<li style=\"text-align: justify\"><span style=\"font-family: arial, helvetica, sans-serif\"><strong>Escucha las distintas versiones, explica los sentimientos que te transmiten y se\u00f1ala la versi\u00f3n que m\u00e1s te ha gustado.<\/strong><\/span><\/li>\n<li style=\"text-align: justify\"><span style=\"font-family: arial, helvetica, sans-serif\"><strong>Explica lo que te ha aportado este post.<\/strong><\/span><\/li>\n<\/ol>\n<p>&nbsp;<\/p>\n<p>&nbsp;<\/p>\n<p>&nbsp;<\/p>\n","protected":false},"excerpt":{"rendered":"<p>Continuamos en 2\u00ba de ESO estudiando la Edad Media, en este caso la canci\u00f3n que estamos tocando es \u201cScarborough fair\u201d, una famosa balada de la \u00e9poca muy versionada, y que tambi\u00e9n tuvo su lugar en el cine. Vamos a hacer un peque\u00f1o recorrido para conocer el origen de la canci\u00f3n. El nombre de Scarborough\u00a0 hace [&hellip;]<\/p>\n","protected":false},"author":334,"featured_media":0,"comment_status":"open","ping_status":"open","sticky":false,"template":"","format":"standard","meta":{"footnotes":""},"categories":[4,9],"tags":[],"class_list":["post-973","post","type-post","status-publish","format-standard","hentry","category-evolucion-de-la-musica-de-cine","category-musica-prestada-al-cine"],"_links":{"self":[{"href":"https:\/\/edublog.educastur.es\/unamusicadecine\/wp-json\/wp\/v2\/posts\/973","targetHints":{"allow":["GET"]}}],"collection":[{"href":"https:\/\/edublog.educastur.es\/unamusicadecine\/wp-json\/wp\/v2\/posts"}],"about":[{"href":"https:\/\/edublog.educastur.es\/unamusicadecine\/wp-json\/wp\/v2\/types\/post"}],"author":[{"embeddable":true,"href":"https:\/\/edublog.educastur.es\/unamusicadecine\/wp-json\/wp\/v2\/users\/334"}],"replies":[{"embeddable":true,"href":"https:\/\/edublog.educastur.es\/unamusicadecine\/wp-json\/wp\/v2\/comments?post=973"}],"version-history":[{"count":38,"href":"https:\/\/edublog.educastur.es\/unamusicadecine\/wp-json\/wp\/v2\/posts\/973\/revisions"}],"predecessor-version":[{"id":8809,"href":"https:\/\/edublog.educastur.es\/unamusicadecine\/wp-json\/wp\/v2\/posts\/973\/revisions\/8809"}],"wp:attachment":[{"href":"https:\/\/edublog.educastur.es\/unamusicadecine\/wp-json\/wp\/v2\/media?parent=973"}],"wp:term":[{"taxonomy":"category","embeddable":true,"href":"https:\/\/edublog.educastur.es\/unamusicadecine\/wp-json\/wp\/v2\/categories?post=973"},{"taxonomy":"post_tag","embeddable":true,"href":"https:\/\/edublog.educastur.es\/unamusicadecine\/wp-json\/wp\/v2\/tags?post=973"}],"curies":[{"name":"wp","href":"https:\/\/api.w.org\/{rel}","templated":true}]}}