{"id":977,"date":"2020-10-02T21:04:48","date_gmt":"2020-10-02T19:04:48","guid":{"rendered":"https:\/\/edublog.educastur.es\/unamusicadecine\/?p=977"},"modified":"2025-10-06T13:42:16","modified_gmt":"2025-10-06T11:42:16","slug":"a-ritmo-de-misirlou-en-el-cine","status":"publish","type":"post","link":"https:\/\/edublog.educastur.es\/unamusicadecine\/2020\/10\/02\/a-ritmo-de-misirlou-en-el-cine\/","title":{"rendered":"A ritmo de Misirlou en el cine."},"content":{"rendered":"<div id=\"post-671\" class=\"post\">\n<div class=\"entry\">\n<p style=\"text-align: justify\"><span style=\"font-family: arial, helvetica, sans-serif\"><img loading=\"lazy\" decoding=\"async\" class=\"alignleft\" src=\"https:\/\/1.bp.blogspot.com\/-YHNfaGHrEO4\/X4WJlsvkf8I\/AAAAAAAAGMw\/v1QLii_r0Kw1F_XdHwojIk6qleErFX5xACLcBGAsYHQ\/s829\/grecia%2Bmusica.png\" width=\"309\" height=\"173\" align=\"right\" \/>En 2\u00ba de ESO estamos estudiando el tema de<em> \u201cLa m\u00fasica en la Antigua Grecia\u201d, \u00a0<\/em>y\u00a0como siempre, vamos saber m\u00e1s cosas a trav\u00e9s de este post.<\/span><\/p>\n<p style=\"text-align: justify\"><span style=\"font-family: arial, helvetica, sans-serif\">Seguro que la palabra <em>Misirlou <\/em>no os suena de nada, pero si veis este v\u00eddeo, que pertenece a la pel\u00edcula <em>\u201cPulp Fiction<\/em>\u201d (1994) <\/span><span style=\"font-family: arial, helvetica, sans-serif\">del cineasta\u00a0\u00a0<\/span><\/p>\n<p style=\"text-align: justify\"><span style=\"font-family: arial, helvetica, sans-serif\"><strong>Quentin Tarantino <img loading=\"lazy\" decoding=\"async\" class=\"\" src=\"https:\/\/www.diariovivo.com\/wp-content\/uploads\/2018\/06\/Quentin.jpg\" width=\"281\" height=\"122\" align=\"middle\" \/><\/strong><\/span><\/p>\n<p style=\"text-align: justify\"><span style=\"font-family: arial, helvetica, sans-serif\">probablemente<strong>\u00a0<\/strong>muchos reconocer\u00e9is el\u00a0tema musical que sirvi\u00f3 de apertura a la cinta, convirti\u00e9ndolo en todo un \u00e9xito<\/span>.\u00a0<img loading=\"lazy\" decoding=\"async\" src=\"https:\/\/www.mautorland.com\/wp-content\/uploads\/2019\/03\/B47B5AEA-8D75-4DAE-BE94-D7710A72CC10.jpeg\" width=\"200\" height=\"200\" align=\"middle\" \/><\/p>\n\n<!-- iframe plugin v.6.0 wordpress.org\/plugins\/iframe\/ -->\n<iframe loading=\"lazy\" width=\"560\" height=\"315\" src=\"https:\/\/www.youtube.com\/embed\/oOoBomvuYnw\" scrolling=\"yes\" class=\"iframe-class\" frameborder=\"0\"><\/iframe>\n\n<p style=\"text-align: justify\"><span style=\"font-family: arial, helvetica, sans-serif\">Pero os preguntar\u00e9is, \u00bfqu\u00e9 tiene esto que ver con la m\u00fasica griega?, vamos a empezar por el principio,\u00a0<em>Misirlou<\/em> (que significa \u201cMujer egipcia\u201d en \u00e1rabe) es una canci\u00f3n griega que data del siglo\u00a0XIX, tiene un estilo folkl\u00f3rico conocido como reb\u00e9tico (el estilo de m\u00fasica tradicional griego que mediante el sonido del buzuki y los c\u00e1nticos a coro de la gente sirve como ant\u00eddoto a los pesares cotidianos). La grabaci\u00f3n m\u00e1s antigua data de 1927,\u00a0a cargo de\u00a0<\/span><strong><span style=\"font-family: arial, helvetica, sans-serif\">Tetos Dimitriadis.<\/span><\/strong><\/p>\n<p style=\"text-align: justify\"><strong><img loading=\"lazy\" decoding=\"async\" src=\"https:\/\/4.bp.blogspot.com\/_PtHpIqwttcI\/TNI4OYJCqyI\/AAAAAAAAAFI\/eCEzWNZflAA\/s1600\/DEMETRIADES-Tetos2.jpg\" width=\"200\" height=\"190\" align=\"middle\" \/><br \/>\n<\/strong><\/p>\n\n<!-- iframe plugin v.6.0 wordpress.org\/plugins\/iframe\/ -->\n<iframe loading=\"lazy\" width=\"560\" height=\"315\" src=\"https:\/\/www.youtube.com\/embed\/LW6qGy3RtwY\" scrolling=\"yes\" class=\"iframe-class\" frameborder=\"0\"><\/iframe>\n\n<p style=\"text-align: justify\"><span style=\"font-family: arial, helvetica, sans-serif\">En 1930, \u00a0<strong>Mike Patrinos<\/strong> hizo esta versi\u00f3n.<\/span><\/p>\n\n<!-- iframe plugin v.6.0 wordpress.org\/plugins\/iframe\/ -->\n<iframe loading=\"lazy\" width=\"560\" height=\"315\" src=\"https:\/\/www.youtube.com\/embed\/1Qd2Nb-oh4I\" scrolling=\"yes\" class=\"iframe-class\" frameborder=\"0\"><\/iframe>\n\n<p style=\"text-align: justify\"><span style=\"font-family: arial, helvetica, sans-serif\">Y as\u00ed, y obviando varias versiones paralelas de la canci\u00f3n, llegamos a 1962, momento en el que se cre\u00f3 la versi\u00f3n m\u00e1s conocida hasta nuestros d\u00edas, (que aparece en \u201c<em>Pulp Fiction\u201d)\u00a0<\/em><\/span><\/p>\n<p style=\"text-align: justify\"><span style=\"font-family: arial, helvetica, sans-serif\">a cargo de <strong>Dick Dale<\/strong><\/span>,\u00a0<img loading=\"lazy\" decoding=\"async\" src=\"https:\/\/hips.hearstapps.com\/hmg-prod.s3.amazonaws.com\/images\/photo-of-dick-dale-photo-by-michael-ochs-archives-getty-news-photo-74259806-1552885730.jpg?crop=0.934xw:0.910xh;0.0380xw,0.0341xh&amp;resize=480:*\" width=\"200\" height=\"190\" align=\"middle\" \/><\/p>\n<p style=\"text-align: justify\"><span style=\"font-family: arial, helvetica, sans-serif\">conocido por muchos como\u00a0el Rey de la guitarra surfera, y considerado por la revista <em>Rolling Stones<\/em> como uno de los 100 mejores guitarristas de todos los tiempos.<\/span><\/p>\n<p style=\"text-align: justify\"><span style=\"font-family: arial, helvetica, sans-serif\">\n<!-- iframe plugin v.6.0 wordpress.org\/plugins\/iframe\/ -->\n<iframe loading=\"lazy\" width=\"560\" height=\"315\" src=\"https:\/\/www.youtube.com\/embed\/5Fb5apHfjug\" scrolling=\"yes\" class=\"iframe-class\" frameborder=\"0\"><\/iframe>\n<\/span><\/p>\n<p style=\"text-align: justify\"><span style=\"font-family: arial, helvetica, sans-serif\">En Latinoam\u00e9rica, <strong>Los Shains,\u00a0<\/strong><img loading=\"lazy\" decoding=\"async\" src=\"https:\/\/img.discogs.com\/u-E_oCKGCcLM5POxPKsdtf_IEMI=\/fit-in\/309x304\/filters:strip_icc():format(jpeg):mode_rgb():quality(90)\/discogs-images\/R-2208096-1269891024.jpeg.jpg\" width=\"200\" height=\"190\" align=\"middle\" border=\"1\" \/>\u00a0<\/span><span style=\"font-family: arial, helvetica, sans-serif\">hicieron su propia versi\u00f3n en 1964.<\/span><\/p>\n<p><span style=\"font-family: arial, helvetica, sans-serif\">\n<!-- iframe plugin v.6.0 wordpress.org\/plugins\/iframe\/ -->\n<iframe loading=\"lazy\" width=\"560\" height=\"315\" src=\"https:\/\/www.youtube.com\/embed\/0ZOkd9ADKUg\" scrolling=\"yes\" class=\"iframe-class\" frameborder=\"0\"><\/iframe>\n<\/span><\/p>\n<p style=\"text-align: justify\"><span style=\"font-family: arial, helvetica, sans-serif\">Y claro, no hay que olvidar en 2006, el cover en clave Hip-Hop que hacen <\/span><span style=\"font-family: arial, helvetica, sans-serif\">el grupo estadounidense<strong>\u00a0Black Eyed Peas<\/strong>\u00a0para su hit\u00a0<em>\u201cPump It\u201d.\u00a0<img loading=\"lazy\" decoding=\"async\" src=\"https:\/\/http2.mlstatic.com\/cd-the-black-eyed-peas-pump-it-promo-usado-D_NQ_NP_402515-MLM25258093002_012017-F.jpg\" width=\"200\" height=\"190\" align=\"middle\" \/><\/em><\/span><\/p>\n<p style=\"text-align: justify\">\n<!-- iframe plugin v.6.0 wordpress.org\/plugins\/iframe\/ -->\n<iframe loading=\"lazy\" width=\"560\" height=\"315\" src=\"https:\/\/www.youtube.com\/embed\/ZaI2IlHwmgQ\" scrolling=\"yes\" class=\"iframe-class\" frameborder=\"0\"><\/iframe>\n<\/p>\n<p style=\"text-align: justify\"><span style=\"font-family: arial, helvetica, sans-serif\">Hasta aqu\u00ed llega este post y mi agradecimiento al gran <strong>Tarantino<\/strong>,\u00a0que rescat\u00f3 este Misirlou gracias a su pel\u00edcula, porque en sus propias palabras, \u201csonaba como una especie de <strong>Ennio Morricone<\/strong> pero al estilo Rock &amp; Roll\u201d.<\/span><\/p>\n<\/div>\n<\/div>\n<div class=\"paragraph\" style=\"text-align: center\" data-wp-editing=\"1\"><strong><span style=\"color: #ff0000;font-family: arial, helvetica, sans-serif\">ACTIVIDAD <\/span><img loading=\"lazy\" decoding=\"async\" class=\"alignnone size-thumbnail wp-image-8224\" src=\"http:\/\/edublog.educastur.es\/unamusicadecine\/files\/2023\/12\/D4ADBE8B-56BF-4B9F-AF53-59B44CB25317-150x150.png\" alt=\"\" width=\"150\" height=\"150\" srcset=\"https:\/\/edublog.educastur.es\/unamusicadecine\/files\/2023\/12\/D4ADBE8B-56BF-4B9F-AF53-59B44CB25317-150x150.png 150w, https:\/\/edublog.educastur.es\/unamusicadecine\/files\/2023\/12\/D4ADBE8B-56BF-4B9F-AF53-59B44CB25317-300x300.png 300w, https:\/\/edublog.educastur.es\/unamusicadecine\/files\/2023\/12\/D4ADBE8B-56BF-4B9F-AF53-59B44CB25317-85x85.png 85w, https:\/\/edublog.educastur.es\/unamusicadecine\/files\/2023\/12\/D4ADBE8B-56BF-4B9F-AF53-59B44CB25317.png 398w\" sizes=\"auto, (max-width: 150px) 100vw, 150px\" \/><\/strong><\/div>\n<div data-wp-editing=\"1\">\n<ul>\n<li style=\"text-align: justify\"><span style=\"font-family: arial, helvetica, sans-serif\"><strong>Contesta a estas preguntas:<\/strong><\/span><\/li>\n<\/ul>\n<ol>\n<li style=\"text-align: justify\"><span style=\"font-family: arial, helvetica, sans-serif\"><strong>\u00bfQu\u00e9 significa \u00a0la palabra Misirlou? \u00bfQu\u00e9 es el estilo reb\u00e9tico?<\/strong><\/span><\/li>\n<li style=\"text-align: justify\"><span style=\"font-family: arial, helvetica, sans-serif\"><strong>\u00bfCu\u00e1l es la grabaci\u00f3n m\u00e1s antigua que se conoce?<\/strong><\/span><\/li>\n<li style=\"text-align: justify\"><span style=\"font-family: arial, helvetica, sans-serif\"><strong>\u00bfQui\u00e9n es Quentin Tarantino? Realiza una breve biograf\u00eda (Ecured)<\/strong><\/span><\/li>\n<li style=\"text-align: justify\"><span style=\"font-family: arial, helvetica, sans-serif\"><strong>\u00bfPor qu\u00e9 se menciona a Tarantino en relaci\u00f3n con el Misirlou?<\/strong><\/span><\/li>\n<li style=\"text-align: justify\"><span style=\"font-family: arial, helvetica, sans-serif\"><strong>\u00bfQui\u00e9n es Dick Dale? realiza una breve biograf\u00eda.<\/strong><\/span><\/li>\n<li style=\"text-align: justify\"><span style=\"font-family: arial, helvetica, sans-serif\"><strong>\u00bfQui\u00e9nes fueron Los Shains? realiza una breve biograf\u00eda. (https:\/\/www.last.fm\/es\/music)<\/strong><\/span><\/li>\n<li style=\"text-align: justify\"><span style=\"font-family: arial, helvetica, sans-serif\"><strong>Se\u00f1ala la versi\u00f3n que m\u00e1s te ha gustado del Misirlou.<\/strong><\/span><\/li>\n<li style=\"text-align: justify\"><span style=\"font-family: arial, helvetica, sans-serif\"><strong>Explica lo que te ha aportado este post.<\/strong><\/span><\/li>\n<\/ol>\n<\/div>\n","protected":false},"excerpt":{"rendered":"<p>En 2\u00ba de ESO estamos estudiando el tema de \u201cLa m\u00fasica en la Antigua Grecia\u201d, \u00a0y\u00a0como siempre, vamos saber m\u00e1s cosas a trav\u00e9s de este post. Seguro que la palabra Misirlou no os suena de nada, pero si veis este v\u00eddeo, que pertenece a la pel\u00edcula \u201cPulp Fiction\u201d (1994) del cineasta\u00a0\u00a0 Quentin Tarantino probablemente\u00a0muchos reconocer\u00e9is [&hellip;]<\/p>\n","protected":false},"author":334,"featured_media":0,"comment_status":"open","ping_status":"open","sticky":false,"template":"","format":"standard","meta":{"footnotes":""},"categories":[4,9,13],"tags":[],"class_list":["post-977","post","type-post","status-publish","format-standard","hentry","category-evolucion-de-la-musica-de-cine","category-musica-prestada-al-cine","category-rockeros-poperos-musicos-en-el-cine"],"_links":{"self":[{"href":"https:\/\/edublog.educastur.es\/unamusicadecine\/wp-json\/wp\/v2\/posts\/977","targetHints":{"allow":["GET"]}}],"collection":[{"href":"https:\/\/edublog.educastur.es\/unamusicadecine\/wp-json\/wp\/v2\/posts"}],"about":[{"href":"https:\/\/edublog.educastur.es\/unamusicadecine\/wp-json\/wp\/v2\/types\/post"}],"author":[{"embeddable":true,"href":"https:\/\/edublog.educastur.es\/unamusicadecine\/wp-json\/wp\/v2\/users\/334"}],"replies":[{"embeddable":true,"href":"https:\/\/edublog.educastur.es\/unamusicadecine\/wp-json\/wp\/v2\/comments?post=977"}],"version-history":[{"count":22,"href":"https:\/\/edublog.educastur.es\/unamusicadecine\/wp-json\/wp\/v2\/posts\/977\/revisions"}],"predecessor-version":[{"id":9009,"href":"https:\/\/edublog.educastur.es\/unamusicadecine\/wp-json\/wp\/v2\/posts\/977\/revisions\/9009"}],"wp:attachment":[{"href":"https:\/\/edublog.educastur.es\/unamusicadecine\/wp-json\/wp\/v2\/media?parent=977"}],"wp:term":[{"taxonomy":"category","embeddable":true,"href":"https:\/\/edublog.educastur.es\/unamusicadecine\/wp-json\/wp\/v2\/categories?post=977"},{"taxonomy":"post_tag","embeddable":true,"href":"https:\/\/edublog.educastur.es\/unamusicadecine\/wp-json\/wp\/v2\/tags?post=977"}],"curies":[{"name":"wp","href":"https:\/\/api.w.org\/{rel}","templated":true}]}}