{"id":997,"date":"2020-10-02T23:04:36","date_gmt":"2020-10-02T21:04:36","guid":{"rendered":"https:\/\/edublog.educastur.es\/unamusicadecine\/?p=997"},"modified":"2022-03-03T12:05:51","modified_gmt":"2022-03-03T10:05:51","slug":"una-pareja-con-quimica-cine-y-opera","status":"publish","type":"post","link":"https:\/\/edublog.educastur.es\/unamusicadecine\/2020\/10\/02\/una-pareja-con-quimica-cine-y-opera\/","title":{"rendered":"Una pareja con qu\u00edmica: cine y \u00f3pera."},"content":{"rendered":"<p><img loading=\"lazy\" decoding=\"async\" class=\"alignnone \" src=\"https:\/\/naurua.com\/img\/cine-opera.jpg\" width=\"592\" height=\"354\" \/><\/p>\n<p align=\"justify\"><span style=\"font-family: arial, helvetica, sans-serif\">En 2\u00ba de ESO hemos empezado el tema de Romanticismo y c\u00f3mo vamos a hablar de la <strong><u>\u00f3pera rom\u00e1ntica<\/u><\/strong>, he hecho un post de pel\u00edculas que incluyen escenas donde se escuchan fragmentos de \u00f3peras. <\/span><\/p>\n<p align=\"justify\"><span style=\"font-family: arial, helvetica, sans-serif\">En ocasiones se ven las \u00f3peras en vivo (<strong>m\u00fasica dieg\u00e9tica<\/strong>)<\/span><span style=\"font-family: arial, helvetica, sans-serif\">\u00a0y otras veces se oyen c\u00f3mo fondo sonoro (<strong>m\u00fasica no dieg\u00e9tica<\/strong>).<\/span><\/p>\n<ul>\n<li><span style=\"font-family: arial, helvetica, sans-serif\"><img loading=\"lazy\" decoding=\"async\" class=\"alignright\" src=\"http:\/\/4.bp.blogspot.com\/_rGYJdJlvYLE\/TCVUmoW-1mI\/AAAAAAAAAP4\/6tBfL9n3QDY\/s1600\/el_gran_dictador.jpg\" width=\"180\" height=\"200\" align=\"middle\" border=\"1\" \/>\u00a0<span style=\"color: #0000ff\"><strong>\u201cEl gran dictador\u201d (Charles Chaplin,1940)<\/strong><\/span><\/span><\/li>\n<\/ul>\n<p align=\"justify\"><span style=\"font-family: arial, helvetica, sans-serif\">El inolvidable <b>Chaplin\u00a0(Charlot)<\/b>\u00a0 hace en esta pel\u00edcula una cr\u00edtica feroz contra el nazismo, el antisemitismo y todo tipo de dictadura. Obra maestra.<\/span><\/p>\n<p><img loading=\"lazy\" decoding=\"async\" src=\"http:\/\/www.gifss.com\/profesiones\/cantantes\/cant6.gif\" width=\"91\" height=\"89\" align=\"middle\" \/>\u00a0<span style=\"color: #0000ff\"><span style=\"font-family: arial, helvetica, sans-serif\"><strong>\u00d3pera: \u201c<\/strong><\/span><strong><span style=\"font-family: arial, helvetica, sans-serif\">Lohengrin\u201d de <\/span><\/strong><\/span><span style=\"color: #0000ff\"><strong><span style=\"font-family: arial, helvetica, sans-serif\">Wagner.<\/span> <img loading=\"lazy\" decoding=\"async\" class=\"alignleft\" src=\"http:\/\/lapaseata.files.wordpress.com\/2013\/05\/wagner.jpg\" width=\"183\" height=\"180\" align=\"middle\" \/><\/strong><\/span><\/p>\n<p style=\"text-align: justify\"><span style=\"font-family: arial, helvetica, sans-serif\">La memorable escena que vamos a ver es el momento\u00a0en que\u00a0<em>Charles\u00a0Chaplin<\/em>, personificando a <em>Adenoid<\/em> <em>Hynkel<\/em>, juega con el mundo.\u00a0La m\u00fasica que suena de fondo\u00a0es un fragmento de la maravillosa\u00a0<em>obertura\u00a0<\/em>de la \u00f3pera \u201c<strong>Lohengrin\u201d<\/strong> de <b>Richard Wagner<\/b><em>. <\/em>Romanticismo alem\u00e1n en estado puro.<\/span><\/p>\n<p align=\"justify\">\n<!-- iframe plugin v.6.0 wordpress.org\/plugins\/iframe\/ -->\n<iframe loading=\"lazy\" width=\"560\" height=\"315\" src=\"https:\/\/www.youtube.com\/embed\/GVaI42LnPZI\" scrolling=\"yes\" class=\"iframe-class\" frameborder=\"0\"><\/iframe>\n<\/p>\n<ul>\n<li><img loading=\"lazy\" decoding=\"async\" class=\"alignright\" src=\"http:\/\/1.bp.blogspot.com\/_-6lI-LUNP-U\/S99Q9EIb72I\/AAAAAAAAABk\/OPJ0AauHCYQ\/s1600\/apocalypse_now_redux.jpg\" width=\"180\" height=\"200\" align=\"middle\" \/><span style=\"color: #0000ff;font-family: arial, helvetica, sans-serif\"><strong>\u201c<span style=\"font-family: arial, helvetica, sans-serif\">Apocalipsis Now\u201d (<\/span><\/strong><strong>Francis Ford Coppola,1979)<\/strong><\/span><\/li>\n<\/ul>\n<p style=\"text-align: justify\"><span style=\"font-family: arial, helvetica, sans-serif\">Pel\u00edcula de culto del cine b\u00e9lico que cuenta el viaje, a trav\u00e9s de un Vietnam en guerra, del capit\u00e1n norteamericano Willard (<b>Martin Sheen<\/b>), el cual debe asesinar al coronel Kurtz (<b>Marlon Brando<\/b>).<\/span><\/p>\n<p><span style=\"font-family: arial, helvetica, sans-serif\"><img loading=\"lazy\" decoding=\"async\" src=\"http:\/\/www.gifss.com\/profesiones\/cantantes\/cant6.gif\" width=\"91\" height=\"89\" align=\"middle\" \/><strong>\u00a0<span style=\"color: #0000ff\">\u00d3pera:\u00a0<\/span><\/strong><span style=\"color: #0000ff\">\u00a0<strong>\u201c<\/strong><strong>La valquiria\u201d <\/strong><\/span><\/span><span style=\"font-family: arial, helvetica, sans-serif\"><span style=\"color: #0000ff\"><strong>de Wagner. <img loading=\"lazy\" decoding=\"async\" class=\"alignleft\" src=\"http:\/\/lapaseata.files.wordpress.com\/2013\/05\/wagner.jpg\" width=\"183\" height=\"180\" align=\"middle\" \/><\/strong><\/span><\/span><\/p>\n<p style=\"text-align: justify\"><span style=\"font-family: arial, helvetica, sans-serif\">Volvemos otra vez a <b>Wagner<\/b>,\u00a0y a una de sus piezas m\u00e1s c\u00e9lebre, el comienzo del tercer acto de <strong>\u201c<\/strong><strong>La valquiria\u201d<\/strong>, la segunda \u00f3pera de la tetralog\u00eda <strong>\u201c<\/strong><strong>El anillo de los nibelungos\u201d<\/strong>.<\/span><\/p>\n<p style=\"text-align: justify\"><span style=\"font-family: arial, helvetica, sans-serif\">La famosa secuencia cinematogr\u00e1fica donde\u00a0aparece, es el momento en que los helic\u00f3pteros americanos surcan los aires\u00a0para atacar a un poblado\u00a0vietnamita,\u00a0igual que si fueran las\u00a0valquirias guerreras wagnerianas.<\/span><\/p>\n<p style=\"text-align: justify\"><span style=\"font-family: arial, helvetica, sans-serif\">Una m\u00fasica poderosa y llena de fuerza, para ilustrar la destrucci\u00f3n y el caos de la guerra, que es ya un cl\u00e1sico.<\/span><\/p>\n\n<!-- iframe plugin v.6.0 wordpress.org\/plugins\/iframe\/ -->\n<iframe loading=\"lazy\" width=\"560\" height=\"315\" src=\"https:\/\/www.youtube.com\/embed\/fc3G_f34Wrc\" scrolling=\"yes\" class=\"iframe-class\" frameborder=\"0\"><\/iframe>\n\n<ul>\n<li style=\"text-align: justify\">\u00a0\u00a0<img loading=\"lazy\" decoding=\"async\" class=\"alignright\" src=\"http:\/\/pics.filmaffinity.com\/moonstruck-728160127-large.jpg\" width=\"180\" height=\"200\" align=\"middle\" \/><strong>\u00a0<span style=\"color: #0000ff;font-family: arial, helvetica, sans-serif\">Hechizo de luna (Norman Jewison, 1987)<\/span><\/strong><\/li>\n<\/ul>\n<p align=\"justify\"><span style=\"font-family: arial, helvetica, sans-serif\">Comedia rom\u00e1ntica donde la luna ejerce un hechizo especial que cambia la vida de los protagonistas. Por la interpretaci\u00f3n principal femenina, la cantante y actriz<em>\u00a0<\/em><b>Cher<\/b><em>,<\/em>\u00a0obtuvo el premio\u00a0<em>Oscar<\/em>\u00a0a la mejor actriz,\u00a0<b>Olympia\u00a0Dukakis<\/b>\u00a0a la mejor actriz de reparto, y tambi\u00e9n se llev\u00f3 el premio al Mejor Gui\u00f3n Original.<\/span><\/p>\n<p align=\"justify\"><span style=\"font-family: arial, helvetica, sans-serif\">\u00a0<img loading=\"lazy\" decoding=\"async\" src=\"http:\/\/www.gifss.com\/profesiones\/cantantes\/cant6.gif\" width=\"91\" height=\"89\" align=\"middle\" \/>\u00a0<\/span><span style=\"color: #0000ff\"><strong><span style=\"font-family: arial, helvetica, sans-serif\">\u00d3pera:\u00a0\u201cLa Boh\u00e8me\u201d de Puccini.<\/span> <img loading=\"lazy\" decoding=\"async\" class=\"alignleft\" src=\"http:\/\/www.puccinifestival.it\/wp-content\/uploads\/2015\/04\/puccini_1.jpg\" width=\"180\" height=\"180\" \/><\/strong><\/span><\/p>\n<p align=\"justify\"><span style=\"font-family: arial, helvetica, sans-serif\">Los<strong>\u00a0<\/strong>protagonistas,\u00a0<em>Loretta Castorini<\/em>\u00a0(<b>Cher<\/b>) y\u00a0<em>Ronny Cammareri<\/em>\u00a0(<b>Nicolas Cage<\/b>) van a encontrarse frente a la fuente del Metropolitan Opera House de Nueva York, para asistir a una representaci\u00f3n de<em>\u00a0\u201cLa Boh\u00e8me\u201d\u00a0<\/em>de\u00a0<b>Puccini\u00a0 <\/b>(Verismo italiano) mientras escuchan la m\u00fasica, se dejan envolver por su magia y afloran sus sentimientos. Pocos compositores han sabido reflejar las pasiones como el maestro\u00a0<b>Puccini<\/b><em>,\u00a0<\/em>imposible no emocionarse.<\/span><\/p>\n\n<!-- iframe plugin v.6.0 wordpress.org\/plugins\/iframe\/ -->\n<iframe loading=\"lazy\" width=\"560\" height=\"315\" src=\"https:\/\/www.youtube.com\/embed\/E0wgDeM6P2s\" scrolling=\"yes\" class=\"iframe-class\" frameborder=\"0\"><\/iframe>\n\n<ul>\n<li style=\"text-align: justify\"><img loading=\"lazy\" decoding=\"async\" class=\"alignright\" src=\"https:\/\/encrypted-tbn2.gstatic.com\/images?q=tbn:ANd9GcRYaKJsIyunKVOsxVJ4Fi1wMrP2bvSoIy9ABgOqHFFziUoREBLx\" width=\"180\" height=\"200\" align=\"middle\" border=\"1\" \/><span style=\"color: #0000ff;font-family: arial, helvetica, sans-serif\"><strong>\u201cPretty Woman\u201d (Garry Marshall, 1990)<\/strong><\/span><\/li>\n<\/ul>\n<p style=\"text-align: justify\" align=\"justify\"><span style=\"font-family: arial, helvetica, sans-serif\">Esta popular comedia rom\u00e1ntica convirti\u00f3 a <em>Julia Roberts<\/em> y <em>Richard Gere <\/em>en la pareja de actores del momento<em>.<\/em><\/span><\/p>\n<p style=\"text-align: justify\"><span style=\"font-family: arial, helvetica, sans-serif\"><img loading=\"lazy\" decoding=\"async\" src=\"http:\/\/www.gifss.com\/profesiones\/cantantes\/cant6.gif\" width=\"91\" height=\"89\" align=\"middle\" \/>\u00a0<span style=\"color: #0000ff\"><strong>\u00d3pera: \u201cLa Traviata\u201d de Verdi. <img loading=\"lazy\" decoding=\"async\" class=\"alignleft\" src=\"https:\/\/upload.wikimedia.org\/wikipedia\/commons\/thumb\/5\/55\/Giuseppe_Verdi_by_Giovanni_Boldini.jpg\/220px-Giuseppe_Verdi_by_Giovanni_Boldini.jpg\" width=\"183\" height=\"180\" \/><\/strong><\/span><\/span><\/p>\n<p style=\"text-align: justify\"><span style=\"font-family: arial, helvetica, sans-serif\">La escena que nos interesa tiene lugar en la \u00d3pera de San Francisco, donde <em>Edward<\/em> (<b>Richard Gere<\/b>) lleva a su chica (<b>Julia\u00a0Roberts<\/b>) a ver una \u00f3pera por primera vez, y trata de explicarle lo que la \u00f3pera aporta al escucharla, aunque uno no entienda el idioma. La \u00f3pera\u00a0 es <strong>\u201cLa Traviata\u201d<\/strong> del gran <b>Verdi<\/b> (Culminaci\u00f3n. Romanticismo italiano). Por supuesto, nuestra protagonista se emociona, y disfruta del espect\u00e1culo, como no pod\u00eda ser de otra manera.<\/span><\/p>\n<p><span style=\"font-family: arial, helvetica, sans-serif\">\n<!-- iframe plugin v.6.0 wordpress.org\/plugins\/iframe\/ -->\n<iframe loading=\"lazy\" width=\"560\" height=\"315\" src=\"https:\/\/www.youtube.com\/embed\/kt_-pDC6Tlc\" scrolling=\"yes\" class=\"iframe-class\" frameborder=\"0\"><\/iframe>\n<\/span><\/p>\n<ul>\n<li><span style=\"font-family: arial, helvetica, sans-serif\"><img loading=\"lazy\" decoding=\"async\" class=\"alignright\" src=\"https:\/\/pics.filmaffinity.com\/the_godfather_part_iii-171971720-large.jpg\" width=\"180\" height=\"200\" align=\"middle\" \/><span style=\"color: #0000ff\"><strong>El Padrino III (Francis Ford Coppola, 1990)<\/strong><\/span><\/span><\/li>\n<\/ul>\n<p style=\"text-align: justify\"><span style=\"font-family: arial, helvetica, sans-serif\">La pel\u00edcula forma parte de la\u00a0trilog\u00eda m\u00e1s importante realizada dentro del g\u00e9nero de la mafia. Esta obra maestra narra el ascenso de la saga de los <em>Corleone<\/em>, famosa familia de la mafia siciliana en EE.UU.\u00a0Corrupci\u00f3n, violencia y traiciones se suceden, sin dar un respiro al espectador.<\/span><\/p>\n<p style=\"text-align: justify\"><span style=\"font-family: arial, helvetica, sans-serif\"><img loading=\"lazy\" decoding=\"async\" src=\"http:\/\/www.gifss.com\/profesiones\/cantantes\/cant6.gif\" width=\"91\" height=\"89\" align=\"middle\" \/>\u00a0<span style=\"color: #0000ff\"><strong>\u00d3pera:<\/strong><strong>\u00a0\u201d<\/strong><strong>Cavalleria Rusticana\u201d de Mascagni.<\/strong><\/span><\/span><\/p>\n<p style=\"text-align: justify\"><span style=\"font-family: arial, helvetica, sans-serif\">La pieza m\u00e1s conocida del italiano <b>Mascagni<\/b><i>,<\/i> (Verismo italiano) es este intermedio de la \u00f3pera<strong> \u201c<\/strong><strong>Cavalleria Rusticana\u201d<\/strong>\u00a0 que se escucha durante las dos \u00faltimas escenas de \u201cEl Padrino III\u201d, y aporta el dramatismo que requiere el momento. Inolvidable.<\/span><\/p>\n\n<!-- iframe plugin v.6.0 wordpress.org\/plugins\/iframe\/ -->\n<iframe loading=\"lazy\" width=\"560\" height=\"315\" src=\"https:\/\/www.youtube.com\/embed\/p71Zj3YnMCg\" scrolling=\"yes\" class=\"iframe-class\" frameborder=\"0\"><\/iframe>\n\n<ul>\n<li><strong><img loading=\"lazy\" decoding=\"async\" class=\"alignright\" src=\"http:\/\/2.bp.blogspot.com\/-S0Xjwo06kqs\/U6MHATjxyhI\/AAAAAAAAJ2M\/2VhUyC1fVvE\/s1600\/cadena+perpetua+cartel.jpg\" width=\"180\" height=\"200\" align=\"middle\" \/> <span style=\"color: #0000ff;font-family: arial, helvetica, sans-serif\">Cadena Perpetua (<\/span><\/strong><span style=\"font-family: arial, helvetica, sans-serif\"><span style=\"color: #0000ff\"><strong>Frank Darabont,<i> <\/i>1994)<\/strong><\/span><br \/>\n<\/span><\/li>\n<\/ul>\n<p style=\"text-align: justify\"><span style=\"font-family: arial, helvetica, sans-serif\">La historia se desarrolla en una c\u00e1rcel, y <em>Andrew Dufresne <\/em>(<b>Tim Robbins<\/b>), uno de los protagonistas, es un preso que con su inteligencia y carisma consigue conquistar a todos.<\/span><\/p>\n<p><span style=\"font-family: arial, helvetica, sans-serif\"><img loading=\"lazy\" decoding=\"async\" src=\"http:\/\/www.gifss.com\/profesiones\/cantantes\/cant6.gif\" width=\"91\" height=\"89\" align=\"middle\" \/>\u00a0<span style=\"color: #0000ff\"><strong>\u00d3pera:\u201dLas bodas de F\u00edgaro\u201d de Mozart. <img loading=\"lazy\" decoding=\"async\" class=\"alignleft\" src=\"http:\/\/4.bp.blogspot.com\/-w8B0eUNux7U\/UjYWctZYnyI\/AAAAAAAAAhU\/eT0h0jOuQ4A\/s1600\/mozart.jpg\" width=\"183\" height=\"180\" \/><\/strong><\/span><\/span><\/p>\n<p style=\"text-align: justify\"><span style=\"font-family: arial, helvetica, sans-serif\">La escena\u00a0que nos interesa pone de manifiesto el gran poder de la m\u00fasica, que solo con escucharla, les permite a un grupo de presos, por un momento, sentirse libres aunque est\u00e9n en una c\u00e1rcel. <\/span><\/p>\n<p style=\"text-align: justify\"><span style=\"font-family: arial, helvetica, sans-serif\">La \u00f3pera que escuchan forma parte de \u201c<strong>Las bodas de F\u00edgaro\u201d<\/strong> del genial <b>Mozart<\/b> (Clasicismo). Sin palabras.<\/span><\/p>\n\n<!-- iframe plugin v.6.0 wordpress.org\/plugins\/iframe\/ -->\n<iframe loading=\"lazy\" width=\"560\" height=\"315\" src=\"https:\/\/www.youtube.com\/embed\/liAZZPaPKaI\" scrolling=\"yes\" class=\"iframe-class\" frameborder=\"0\"><\/iframe>\n\n<p><span style=\"font-family: arial, helvetica, sans-serif\"><em>\u00a0<\/em><img loading=\"lazy\" decoding=\"async\" class=\"alignright\" src=\"http:\/\/t0.gstatic.com\/images?q=tbn:ANd9GcRDP3fbkDhBM2GSC9x0elUs_KUMGqL-83yjF9_hcgke_MMsSlPB\" width=\"180\" height=\"200\" align=\"middle\" \/> <\/span><\/p>\n<ul>\n<li><span style=\"font-family: arial, helvetica, sans-serif\"><span style=\"color: #0000ff\"><strong>Farinelli, il castrato (<em>Gerard Corbiau, <\/em>1994)<\/strong><\/span><\/span><\/li>\n<\/ul>\n<p><span style=\"font-family: arial, helvetica, sans-serif\"><em>\u201cFarinelli\u201d<\/em>\u00a0fue el nombre art\u00edstico de\u00a0<b>Carlo Broschi,<\/b> un c\u00e9lebre castrado que triunf\u00f3 en la \u00f3pera en el siglo XVIII y ese es el argumento del que parte este biopic.<\/span><\/p>\n<p><span style=\"font-family: arial, helvetica, sans-serif\"><img loading=\"lazy\" decoding=\"async\" src=\"http:\/\/www.gifss.com\/profesiones\/cantantes\/cant6.gif\" width=\"91\" height=\"89\" align=\"middle\" \/><span style=\"color: #0000ff\">\u00a0<strong>\u00d3pera: \u201cRinaldo\u201d de H\u00e4ndel. <img loading=\"lazy\" decoding=\"async\" class=\"size-thumbnail alignleft\" src=\"image\/jpeg;base64,\/9j\/4AAQSkZJRgABAQAAAQABAAD\/2wCEAAoHCBYWFRgVFhYZGRgaGhocGhocGhwaGhwcIRgaHhoeGBocIS4lHB4rIRwaJjgnKy8xNTU1GiQ7QDs0Py40NTEBDAwMEA8QHhISHjQkJCs0NDQxNDQ0NDQ0NDQ0NDQ0NDQ0NDQ0NDQ0NDQ0NDQ0NDQ0NDQ0NDQ0NDQ0NDQ0NDQ0NP\/AABEIAQkAvgMBIgACEQEDEQH\/xAAcAAABBQEBAQAAAAAAAAAAAAAFAQIDBAYABwj\/xAA9EAABAwIEAwUHAwIEBwEAAAABAAIRAyEEEjFBBVFhInGBkfAGEzKhscHRQuHxB7JSYnKCFBUjM3Oi0jT\/xAAZAQADAQEBAAAAAAAAAAAAAAABAgMABAX\/xAAhEQACAgIDAQEAAwAAAAAAAAAAAQIRAyESMUFRIjJxsf\/aAAwDAQACEQMRAD8A82SEJIXFOTFanBMBSgrBHtT3BRhPJWMInALguWMdCdK5IUDDl0poXSsGx0pQUi4lYIspduqZmXLUax0pJTUoWMOlcklc0IGHyuzSkhOhAJxCjPcpF1+SxikSm5U9wTQU5NihqdCRSBYI2EoCKcO4UXntWajB4NTFwPO6nKaRSOOTAWE4c58SLImzgzd9fXNG8NQsABpayvDCWuB9d+nRQlmZeOOKMoeFNA0VOrwx\/wClpIXoLMK1zSC0SLggKpXZBi\/l+EFnYXjizzurSc34hCjDlsuJYDODA\/lZ6jw5weM2kq8cikiMsTT0QYbCOfoLIlQ4G83OnRGsPh22gdY0U4pOHOB4qcsr8KRxpdmcxPB4Fj5obVwrgdFuzh2u+KfBU8RgALgW66jvWjm+mlii+jElpGqQFH8dhLWGiC1GRqFaMrIyhxGSnMcmAJQOaYUe0p7QowVIBKUJ0JQ0pzQkPfPcsNRQckhOy3XQnJHBXeH08zhOyqtajnCsKAMx12SydIeEbYVw+gA+iIU2afRVsJQcTmGiJGkWwTGnX5rjkzrQtJsAD6erq+wgAKPAsA7RGpt0VnGPkX30O\/ioSdsYhdUgwLyPkuZhpMkT9FZwGAzQ509FdquDbfbVADfwGHBB0iR5INxPhhZeLayPuj+JflMjxCF4riPYcDHTb6poyaejJMXhjmyAD66Iw7BgAOjX5rN8I4hh2fHUAOwvHmjzuO0CA1rwYTO76BLvRFicKBcKnTIE5riDr3bJ+L4kw6GSToFVohzpJBvp3dUN+hSZQxuGOsa\/ayD43DA6tWsc0GZuRa\/L7IDxKnBjbn+VbHJ3RpK1syVanlMJGuVvHt5c1TAXWto4pKmSNUjYChb1UqxkOldl5n15JhanR6sgMVckp2RSsEAnoUxr0wlHURLgFqcBS7Echr0QPh1HO8EDT6rVYduVsc9VLLLwvijqy1SzWDellcdh3nX5J\/D8OXXi3NW61ON7LjlLZZDKewAmwVn\/AIZxgnbZJhqVswU05YAsD8raqYbLRdDQBoAAhnEahyFxBBBt9phW67mBvxGen8LNY6o9720w6SSAD9SVo7YYxtk2d9WGt13dsPyVdpcGYBcZncyjmBwDGNDQNOnzUtRsWStvwZy8RnKuAbuxsdyo4jhFN36A07EWWlIFxCp1afy8EFOS9GVemYw9NlN+R7f9Lpt48ke7ETnaB0VLi2HzsNhpO06KLgHEWNPuqgbIu1xAuOXgq3yVglGlaHvaSSWgx3oZj6RtI\/harE1mgWA8IhBcTTzi48inhKmT7Mhi2awhLhdajH4fKLBZ\/Ejp6uuyErRzZY0QtKeHKNpShycmiZzuiamz68E8O8EAnT2fXNQSE7OQIISCEwGw5wRkAnu\/KOYYZ3taO8oHwtxA9eC03B2AS4nVc2V1Z1wX5RoafZaLDTyVfEVfBPzyBA7vRVj\/AJcSJLo9brlDpdi4BoLPqPFNxToMDbySvwRZ8N\/qp24cZJdeyVmvdgbHYhoHxX74+SZ7N0A+q550BgeOqq8XDQYHX8abI77LsApt+aPS\/st1GzQBqrVgLqyXqtVcgyKKR5qKoz1CkqOUbnzzUioNx7Yae71ZZLGPLCHtiWGR3fqB8FtcQwEGZjpZZTiuHa0mD4GFfC0pUP3FoIYLG529lsaE3kDxVo0wdCQ7rEeSHezDpY5piWuEdYBEfMFGarNxqtJVJpEbM9xNsgiPoVl8bTj0FreIDfZZriTbfZdWF6JZFaA4d1TmOC6FIwLpOVCynA+KXKnObfdKPRWDjvdSsg96jA3UzIEc0WBIM4BlgFpsCOw22iAYN1kUw1fKCNpXLktnXHo0OAeC8Da+n2Rd1R140CzmAkkEWWjoulsHrHiuZgYlSt9JVLEVS4FoBJ79O\/1urFd+s3Q7LdwmJ80rDEE8SBFzB1Ebo5wWGU25jEAShGOyjKN5vvurzGNf8U5R+nRaT0i9XEsY72mps0a556QhLvbZk9qk8DmLoxSxTJysa0kahrZjvOg8SqeOxYMyzMN8ppu82h8plXqsVR8OwftDQrODWPEn9LgQfmrTHyfNYo0qdSq1rAQ4nsltoty2WpxOGeyk4gknKe82S5IJNV79G41psg41x2nRBaXDNyFz8lh6\/Hc7pIJ8CPsqrKjX1Hl7w2D+pxE+AElSVAzLmb2m\/wCJuaLa6i67ceGMe9s55Tk1+XX+hv2cxQdUeBbMGvHfofstPXoODZmxiZvH7WWH4A8MxLOTmuHLcEL0fGOBpwdSPJRzRqQYttbMxjjIgLPY+mY9egtDiH6xB11QTiAm\/mq4rNNaAQB9WStF0rtbJWHZdJx0PbKePFI2OakHfsgOkU2ev4VgsmAB5KoDHXuVzhzrmfBZgh8DOCZDQiDJPdzQ6mUZwjuzK55s610aHh9MBguOqtPfG8G90BwuMLQGmdbX75RN2JDgCIkLkapmrZNzJPNQV6o09dFWqYk7bqF+Ge65sskGqKeKMwNy4D\/2RzDYXMIzQOevkglGk4OGbWT59Vo8C8QZSz+F3ajoG8U9mWvpOY2o8TEX7IuCZayJB3mdUC4bwtmGZUa+HPqGbMcS2x0IaN77DRb1wQbHYUVDleHEci4x4gJlldU+hIJN2+yh7O02nPBL8pbFRzRmB5AjXqtJkkFp30\/BUGDptYwMaABpGisNcOcJJPk7DJ2zyni\/CmMxTmPByP7TYjX\/AHAjciO5LiGMYwMbmDQSdpJP+lar254cXsFVvxUzmtuLT+VDwt9N9Nr3MDjHITP5XWs35Te\/GJHGm2ku9mYwrMlWk8iL78iFtKuKzZtxFvJZfijy6tplANh4o1h6YDWyJ79PFHJtJsXhxbRWdTzDWPBC8fTIsVoHgAmIg7eSF8VeMpnl9jZGD2CS0ZitYpAUjxfRSsZb162XScnZI1vrxT6Y6bLot4BS0xBPcEtjpAtjI0PXqrGGqX5R+VXbSGaQ650mxnopmyHC6dk46DOHJMGEVoPcEOwZsJROi2L7fW+y55nZHonYwucPsj9CnLQQwRzOpQSk8NeIFo70WGIgC\/ht+65ZbYSGuA107FXhXzC5kH6odi6odc7awmuxGVun22Qa0arFxLhngb3t0RfBi3esxha5dUcZ0ELS4N1gpzVMs9RQQn1Cr1ABLj\/CkzKrWbn7O2\/clEj2Mw7nPkjQadTsguP9oawfkoUMxHxl5LY7m6laVkCGizQLBK+qQ09x79Nk0Gk9qxm0zHcZ9pXCkW1A0VHAtDQ8ObcRMgSO5Z3gHEMudk72TPaPClz2vJ\/7jM0aRJ2Q7DNymfBehjxx4f2QlllHKviCeLry\/N61RhmKAAvNreuazeJfYlSYbFGAmlBNIDyfph6pjbX1QvH1pBC6pWNo8lBlO+60YpCylYPy+OisMtY\/wmAGVK3p905JIma36JZv4LgJjuTiL7CyUoCHMlT4SnJvoNN1TbNtyfpKI4A2gc+ipLSIRpyC1KpFok7et1bpV41lUGAWmJVzQW2v1UJI60yxTrQZ52RWg1zgDf8AfZZ2jUuBG\/gtLha9gCPDnzUMqoZMR1JwMHTnP2CkeREENPiZUld4iQqfvRyB85+Sl2MiChSDKjsujjI6dEcw74CAVX5Xgc9kaoCwPqUuRPTZV\/xL7qlkzEYhtNpe46Se9V3VPUqnjWl7g0iW7jnY620U12IolHB8XxNVxezDOcwmAQ9jdDf4yPkEQxXEMUABkpM1sXPe4+TYRCk4MbGgA0\/AWZ4+5z3C5a2drT4q0WpOkkh4r7sGe0PvXlpf7sACGtbMjvMWWfAlh0HzRHFYWWmCTrcknwuhA7PZC78aSjRx59SuhMS\/seX1V6iYA6D97oXinWa3rKv4MyNdlR9EIu5BAVgIkTp4KHE17WsPJSe7G5KhrMBbY3BSJbKtuivHU+vsrDmj5eahoutbX6qxmsO9ZiIkbFr7fZKdfBJmMAW5aJHiwQKAJhIkm8m3IdeiIYAmJiOSHljjcG3qyv4MW5QqS6OeH8gpSB8ERZS7MiORCH4dptbxV0F2kWUWdkeiOmYv5ovg6ogdmY\/KHUqU8\/yiLGBrYGvkpTphRO+oE0PABMfK3hyTKfaEE6efVONMmASSBpf6BS6HQOxL3Zs2t\/kjuCxEtCAY1mUubNjaZ3\/lR4TiBacjrEWITSx8o6GjJdM1VQ7pWG89yoMxocNfCVHiC8dppM2\/K51B3TH4th\/snVQV2sa1xIBPMiYA0glAf+dObZ7Y77DzQ\/ifHi5pbna0HW4NvBPHDJsTko9sn4i0XcdMtgNFkMkuJ8lar8UzANaHOOmkDzVHE1Cxp0znbkF344OKo5c+SMqrwqVX5nnkLIjhn2tog9IXRKjICqzli92XWutumuf2ep3VX3hjX8+CRrpP0QopyLmHbAFirDBZQ0jb+FZAgaJGPFDjp65KN4NoUpBjT11SknkELHM2+DEGCYtdEsENGyqWFAM6A81fwjbyItzVJHPBbsMUWw3X+FPRabqsKlpmJHqE7DVZmCPRUWjrTQXpQGzZWQ7M2CZ9bKkHmBuCeSUPgWUGrHJqIayeU\/ZMrYoAGL\/ZNa8uMc1M7AtDZ6c52W16YC1+24DS45891o2cKp1wA8QRo9vxt5X3HfZBsQR\/Cu+zmMPwlxlronePUqjurXhOWmS4z2SxdISxorM2LLPjqw\/YoY7FuYcj8zHaZXgtPk5ex4MDK3tXjXT5J2Jw7HjK9jXDcESPIyEGr7Ms0keLVcUSLifCQh9emw\/oHlAXqmP9lsMZLcOwG+nZ\/tIWVxns0yYGHMk2+J090uKaMlHwMp8l0YSrimtswZncmifohFfNPbBnW4I3hemO9n6rNKL2g6QBz3Aus57VcBqtDX5HSwEPFp5jv1nu00VozVnNOLasy+HG6uElUqThuVYFS0H62VGSRK8WnbTuS4Zt9E1zxAgX89+akwo0\/PVB9DLsI0mdmN\/DRShtog6prQIhPYDB81I6EODDAtvdc9pAH2XNbA1vy\/Ke5o3QH8M7h2wFbY9VKdUJ76oJhtz3fVWaOROkWjVhE+GUiQXHTT1CC4ag97sjAXPPTTmeg6lHMDSdScabgYNgdb\/aUkloeE\/1sKmsBAB09XUhqZh+ygqi1vpqmUqbpC56R2BDDuDLk\/RSvrZ9DHWFEynOummisBjWi0iOYU32YDcSqZTKs+zoDy94IFgesTrzgKpxK9iN\/ssk7HvpPljiCDY3t0XRGPKNIhklxkj6K4e55pMeG5g5oMZhOnUfdSnEs0IcD3x8jC8v9k\/6kkZaeIuBYWEj\/S77O816bw3i9DEthjgTux9nj\/ade8SOqRxadMXvaGOeCSA8jvgH6KbANbmLrF2WAZvEyfsosdwhjpiWGRdrotvrPkheGwP\/AA1TP7x72u7Lw9xIAJsW8v2S9B7NBiqIeFmOK4H3jXMuCbtO4ImB3zm8wtQ50b+tiqOJHbB2dcdHC8eYRaMj569oMB7qoYAAJJAEwDJDhe8T8iENpnb14L07+oXBb52jskZoAFj+rvmT5NXnVPDTodPvoumEriQnGno5reketDOyIYdkx6lRMpXneBfT9jorVMaXKMmGMSy1ttUrW7TqPn3qMvMTmPn9U9s6+rqZZEuS2venFm0qMEx3eCcT09eAKAxlGsJMD9kQwVLN2GiJ1cdT16BVgzQaD6ojQq5RAiV0UcNmlw3u6LMrZ\/zOHxONt9lUx1Zj8rmmIiZ79kJbi3SSDB+R87KvicWfhcL2v+IshxDyNAcVrluDpfu81bpYqWk6euqx1PiTmiCJb8xyhXMDxiSGne0qMsR0wzfTaYQi0DQevupRl\/wT36\/VVMNWsIPirLMUXC946QuaUdnQmVsTQDpNh0O8rEe0eCFOpYyHCZ2lemtDXCHCY8xzWE9scOGOyjYfiIVsMndEM20ZXoERwfGKtOBmJAMgEmx\/ynVvgUNlOL5XS0n2c6bW0euezP8AUMuaGV3A7Bzz5S4CQf8AUPFanE8bpPaA4lhdIAMZSBBDmP8AhcLjQyJuBC+eJ30PNEsDxmtTkNeY3GoImbjQ6DZQlh+MtHIvUfRXBMQHsLHEFzbd4\/S77KSvSLmlsEEGRpqCvIfZz26DHsLwG9oNJE5Q0jUtOjZiYO5MCF7PSe14D23m5+6k4uOmNyXgIx+FGJoOFs\/Lk\/cEcivC+N4Z2HqmxjlzE\/UL36r\/ANN+cfC\/4h9Fg\/6m8CzN96wazMRr+9k0JU6BJWjCYeo1zQRcJxOqBYXEe6dBnKdeh5o1mVmgJ6Jmnsz68FIxtlC1\/QpzXmN4QY6J3BITdRhxy79E73hgROgQGszvq6ka8dfXco21AeXj+U9pbvb6eYXQcAlSvtKrPqTuVPiGbhUXuWDHY\/Mn06kEXUEpZQHo1HD+J2Ha6Hnr80dwGM5unxK88Y8jRTUse9ujlOUEykcjR6nT4i1oDQMzriCYnxWe4nhm13Oc95aTvcsHIWQLg\/EM1RvvDLZFuk6L0niWQ0i55YxpADWi505npCi1weiikpI8r4twx1B+U33BFwRsQUOJWm4zTB7De1AsT6nS6zdRhBMroi7RCSp0IEgtzStKVzUwtj2ukQf36jqvYf6We0fvKZwz3y+mOyTeWfpvvGnkvGZhEuBcVdhq7KzTABhw5tJ7X5STjyiPF0z6XxFAPYQfXooQ7De9pPpPuRpOpG0fNXeC8RbVY2oHSHjpAMXjv18SlxDMj88WNndx0P0XG0XR8\/e0vDvdVHNixMfgqhw7FR\/03eBn5L0z+ovB5l4FiLnqvJq1MgE6OaYd9iuqEuUSclTNEyYhTNNtNvqEP4dis7bntDX8+KutfZBoaLHt0HZXPvCTN\/C5+1itQxk3FSMxBHVRuTVY560XG4jl5bKCoN1EHJ7XTqgDjQ1cQueLpTosE5j057d+aiU7Ktsp7x0\/ZYzXqGMeQbLQcGx73dhxkaX68\/ys64KxhK2U+CDSaoN1tG+4thwxoYztT8ThEzGgJ\/SstxLDEguy5QAi2E4k0ty1HQTpOkQLd6o8axTSMjDIi5JHjokimnQ05KSszhKUOSPCRhVSfaHBsrmjZPpNLiGjUmOiWrSy2Mgjob35911jHof9O\/aVzR7p7rC07j\/C7w\/K9Zp1xUZcDkehXzNgMUabw7lr3b+ui9s9i+Mh\/ZLh2gB\/8n7eS5csadovGVoO8VwQrUXsd8TWmOsD15LwrjuCNN7p0Jyvt5H5fJfQdbWekFeY+33C4eTENePIzYoYpVKjSVo8xw1Qsf4weoWkYZHrks1iWEEg6ix8EV4biMzACbi34XQxIyLxHyTwVG4Js9UBrM45NJSuSFOSGhOCSFwWCTVTYFMYuLrQkpreg8EeIsmgq3jaVmuGjgCqiwVtDkgXNSLGLLMU4DLqOR+3JI6vaFAlRBSFJSBKkWMS0nwQeRlS4zFl7sxmdPr+SqoKc0rGOM77rUexvFix4aT8Nxc\/DNx4arLudO6dRqljg5urTISyXJUMnTPpmjXD6bXg\/EAZ1vzQr2o4d72g5sSQJCE\/064w2tRNIm4uO4\/hap2haYP39BcTTiyydo+euLYc\/FFx2X9CLAlCsPWLHT5r0D254V7vEE\/oqjX\/ADRr4\/Zef12FriDrK7Iu42Rap0HqVQOEgz19bri\/nKB0K5YZHiEUpYppGt+VgjQLBEJCnFNKYCOC5qQpRqgYUaLqeoXBNbqsEt1JyZT+lxH3\/KplEMZ+rvH9qHlFgRwSpAnIBETki5YBy5cuWMInNKQpAsYlZTLjYevRTHNhFeEfBif\/AAn+5qFuW9CjQ+xfFjQxDDMCYPcY+693qV2nK8HsuA+enzXzXhPiHePqvobDf\/lZ3H6qGZdDwfYN9ueFithyQBLbjn3euS8Z4phtHRB0PeF79xD\/ALTu539pXifG\/hd3j7LYjTMwQulOcmK4p\/\/Z\" width=\"200\" height=\"242\" \/><\/strong><\/span><\/span><\/p>\n<p style=\"text-align: justify\"><span style=\"font-family: arial, helvetica, sans-serif\">Sin duda la banda sonora es lo mejor de la pel\u00edcula, y la secuencia que selecciono la he puesto en clase cuando hemos hablado de la \u00f3pera barroca. Se trata del momento en que Carlo entona el maravilloso aria <em>\u201cLascia ch\u00b4io pianga\u201d<\/em> de la \u00f3pera <strong>\u201cRinaldo\u201d <\/strong>de <b>Handel<\/b> (Barroco) mientras recuerda su triste pasado. Nunca me canso de ver esta escena, sin duda, lo mejor de la pel\u00edcula.<\/span><\/p>\n\n<!-- iframe plugin v.6.0 wordpress.org\/plugins\/iframe\/ -->\n<iframe loading=\"lazy\" width=\"560\" height=\"315\" src=\"https:\/\/www.youtube.com\/embed\/TqdFoRjL1Bk\" scrolling=\"yes\" class=\"iframe-class\" frameborder=\"0\"><\/iframe>\n\n<p><strong><img loading=\"lazy\" decoding=\"async\" class=\"alignright\" src=\"http:\/\/img3.wikia.nocookie.net\/__cb20090911191319\/doblaje\/es\/images\/4\/43\/Vida.jpg\" width=\"180\" height=\"200\" align=\"middle\" \/> <\/strong><\/p>\n<ul>\n<li><span style=\"font-family: arial, helvetica, sans-serif\"><strong><span style=\"color: #0000ff\">La vida es bella\u00a0(<\/span><\/strong><span style=\"color: #0000ff\"><strong>Roberto\u00a0Benigni, 1997)\u00a0<\/strong><\/span><\/span><\/li>\n<\/ul>\n<p style=\"text-align: justify\"><span style=\"font-family: arial, helvetica, sans-serif\">Tres Oscar (merecidos) se llev\u00f3 el filme: a la Mejor Pel\u00edcula \u00a0Extranjera, Actor y Banda Sonora. Es\u00a0una bella f\u00e1bula acerca del poder de la imaginaci\u00f3n en situaciones dif\u00edciles, (la Europa de la 2\u00aa Guerra Mundial) donde el protagonista <em>Guido<\/em>, utilizar\u00e1 todo su ingenio para salvar las vidas de su mujer e hijo.<\/span><\/p>\n<p style=\"text-align: justify\"><span style=\"font-family: arial, helvetica, sans-serif\"><img loading=\"lazy\" decoding=\"async\" src=\"http:\/\/www.gifss.com\/profesiones\/cantantes\/cant6.gif\" width=\"91\" height=\"89\" align=\"middle\" \/>\u00a0<span style=\"color: #0000ff\"><strong>\u00d3pera: \u201cLos cuentos \u00a0de Hoffmann\u201d <\/strong><strong>de\u00a0Jacques Offenbach. <img loading=\"lazy\" decoding=\"async\" class=\"alignleft\" src=\"http:\/\/dosostenidomenor.files.wordpress.com\/2010\/01\/offenbach.jpg\" width=\"183\" height=\"180\" align=\"middle\" \/><\/strong><\/span><\/span><\/p>\n<p style=\"text-align: justify\"><span style=\"font-family: arial, helvetica, sans-serif\">La m\u00fasica que vamos a escuchar es un fragmento de la <em>Barcarola Belle nuit, o nuit d\u2019amour<\/em>, que es la pieza m\u00e1s popular de la \u00f3pera <strong>\u201cLos cuentos \u00a0de Hoffmann\u201d<\/strong> de\u00a0<b>Jacques Offenbach<\/b> (Opereta)<em>.<\/em> En la secuencia que vamos a ver se utiliza el mismo tema musical en dos momentos\u00a0 muy diferentes. En la primera escena se escucha en el espect\u00e1culo oper\u00edstico que van a ver la pareja protagonista, y en la segunda en el campo de concentraci\u00f3n, donde se oir\u00e1 en un gram\u00f3fono y servir\u00e1 a Guido para comunicarse con su mujer. Comedia y\u00a0 drama\u00a0 para un mismo tema, impresionante.<\/span><\/p>\n<p><span style=\"font-family: arial, helvetica, sans-serif\">\n<!-- iframe plugin v.6.0 wordpress.org\/plugins\/iframe\/ -->\n<iframe loading=\"lazy\" width=\"560\" height=\"315\" src=\"https:\/\/www.youtube.com\/embed\/fNrBr4Zc1Bg\" scrolling=\"yes\" class=\"iframe-class\" frameborder=\"0\"><\/iframe>\n<\/span><\/p>\n<ul>\n<li><span style=\"font-family: arial, helvetica, sans-serif\"><img loading=\"lazy\" decoding=\"async\" class=\"alignright\" src=\"https:\/\/pics.filmaffinity.com\/the_fifth_element_le_cinquieme_element-198425470-large.jpg\" width=\"180\" height=\"200\" align=\"middle\" \/><span style=\"color: #0000ff\">\u00a0<strong>El quinto elemento (Luc Besson, 1997)<\/strong><\/span><\/span><\/li>\n<\/ul>\n<p style=\"text-align: justify\"><span style=\"font-family: arial, helvetica, sans-serif\">Pel\u00edcula de ciencia- ficci\u00f3n situada doscientos cincuenta a\u00f1os en el futuro. La vida tal como la conocemos se encuentra amenazada por la llegada del diablo en forma de amenaza extraterrestre. S\u00f3lo el quinto elemento puede impedir que consiga sus fines tras cada ciclo de cinco mil a\u00f1os de espera. Ella contar\u00e1 con la ayuda de un ex-marine conductor de taxis,\u00a0<em>Corben Dallas<\/em>\u00a0(<b>Bruce Willis<\/b>). El diablo cuenta con la ayuda del malvado Zorg que busca beneficiarse del incipiente caos.<\/span><\/p>\n<p style=\"text-align: justify\"><span style=\"font-family: arial, helvetica, sans-serif\"><img loading=\"lazy\" decoding=\"async\" src=\"http:\/\/www.gifss.com\/profesiones\/cantantes\/cant6.gif\" width=\"91\" height=\"89\" align=\"middle\" \/><span style=\"color: #0000ff\">\u00a0<strong>\u00d3pera:\u00a0\u201cLucia di Lammermour\u201d de Donizetti. <img loading=\"lazy\" decoding=\"async\" class=\"alignleft\" src=\"https:\/\/upload.wikimedia.org\/wikipedia\/commons\/thumb\/a\/a4\/Gaetano_Donizetti_2.jpg\/250px-Gaetano_Donizetti_2.jpg\" width=\"180\" height=\"180\" \/><\/strong><\/span><\/span><\/p>\n<p style=\"text-align: justify\"><span style=\"font-family: arial, helvetica, sans-serif\">En esta escena, la mejor de la pel\u00edcula, se abre un tel\u00f3n y sale de la oscuridad una famosa cantante de \u00f3pera, llamada\u00a0<em>Diva<\/em>\u00a0<em>Plavalaguna<\/em>, con aspecto alien\u00edgena. Detr\u00e1s de ella, aparecen unas inmensas cristaleras con el paisaje de La Tierra de fondo. La Diva empieza a cantar el aria <em>\u201cIl Dolce Suono<\/em>\u201d que pertenece\u00a0al tercer acto de la opera \u201cLucia \u00a0Di Lammermour\u201d \u00a0de <b>Gaetano Donizetti<\/b> (Bel Canto). Su voz es magistral, con agudos y graves de gran virtuosismo, mientras la c\u00e1mara enfoca a un p\u00fablico perplejo.<\/span><\/p>\n<p style=\"text-align: justify\"><span style=\"font-family: arial, helvetica, sans-serif\">Esta escena aparece casi al final de la pel\u00edcula, despu\u00e9s de mucha acci\u00f3n, violencia, armas y fuego, la escena de la Diva, te transporta en el tiempo, para que te quedes parado en un momento zen, es como un oasis, un momento m\u00e1gico.<\/span><\/p>\n<p><span style=\"font-family: arial, helvetica, sans-serif\">\n<!-- iframe plugin v.6.0 wordpress.org\/plugins\/iframe\/ -->\n<iframe loading=\"lazy\" width=\"560\" height=\"315\" src=\"https:\/\/www.youtube.com\/embed\/1rdJg0fgd34\" scrolling=\"yes\" class=\"iframe-class\" frameborder=\"0\"><\/iframe>\n<\/span><\/p>\n<ul>\n<li style=\"text-align: left\"><span style=\"font-family: arial, helvetica, sans-serif\"><strong><img loading=\"lazy\" decoding=\"async\" class=\"alignright\" src=\"http:\/\/1.bp.blogspot.com\/-Xuae1I_JE9M\/T2qzlmTeSKI\/AAAAAAAADEw\/9d-Og8dZnqo\/s1600\/Mar_adentro-162304042-large.jpg\" width=\"180\" height=\"200\" align=\"middle\" \/> <span style=\"color: #0000ff\">Mar adentro (Alejandro Amen\u00e1bar, 2004)<\/span><\/strong><\/span><\/li>\n<\/ul>\n<p style=\"text-align: justify\"><span style=\"font-family: arial, helvetica, sans-serif\">Hermosa y triste pel\u00edcula,\u00a0 ganadora del \u00d3scar a la Mejor Pel\u00edcula Extranjera en 2004,\u00a0 que cuenta la dram\u00e1tica historia real\u00a0\u00a0de\u00a0<b>Ram\u00f3n Sampedro<\/b>, un marinero, que tras un accidente en su juventud, queda tetrapl\u00e9jico permaneciendo postrado en una cama durante casi 30 a\u00f1os, y a causa de esta situaci\u00f3n, desea morir mediante la aplicaci\u00f3n de la eutanasia.<\/span><\/p>\n<p style=\"text-align: justify\"><span style=\"font-family: arial, helvetica, sans-serif\"><img loading=\"lazy\" decoding=\"async\" src=\"http:\/\/www.gifss.com\/profesiones\/cantantes\/cant6.gif\" width=\"91\" height=\"89\" align=\"middle\" \/>\u00a0<span style=\"color: #0000ff\"><strong>\u00d3pera:\u00a0\u201cTurandot\u201d de Puccini. <img loading=\"lazy\" decoding=\"async\" class=\"alignleft\" src=\"http:\/\/www.puccinifestival.it\/wp-content\/uploads\/2015\/04\/puccini_1.jpg\" width=\"180\" height=\"180\" \/><\/strong><\/span><\/span><\/p>\n<p style=\"text-align: justify\"><span style=\"font-family: arial, helvetica, sans-serif\">La escena que vamos a ver, una de las m\u00e1s conmovedoras de la pel\u00edcula, nos muestra al protagonista que se imagina que ha vuelto a andar y vuela por los aires, mientras suena el hermoso aria \u201cNessun dorma\u201d que pertenece a la \u00f3pera rom\u00e1ntica\u00a0<strong>\u201cTurandot\u201d<\/strong>\u00a0de <b>Puccini <\/b>(Verismo italiano). Una secuencia que emociona por su belleza y sensibilidad.<\/span><\/p>\n<p><span style=\"font-family: arial, helvetica, sans-serif\">\n<!-- iframe plugin v.6.0 wordpress.org\/plugins\/iframe\/ -->\n<iframe loading=\"lazy\" width=\"560\" height=\"315\" src=\"https:\/\/www.youtube.com\/embed\/FHRB0_BAIIc\" scrolling=\"yes\" class=\"iframe-class\" frameborder=\"0\"><\/iframe>\n<\/span><\/p>\n<ul>\n<li><span style=\"font-family: arial, helvetica, sans-serif\"><img loading=\"lazy\" decoding=\"async\" class=\"alignright\" src=\"http:\/\/www.descubreibiza.com\/images\/agendas\/ag_2263-1.jpg\" width=\"180\" height=\"200\" align=\"middle\" \/>\u00a0<span style=\"color: #0000ff\"><strong>Tres carteles a las afueras (Martin McDonagh, 2017)<\/strong><\/span><\/span><\/li>\n<\/ul>\n<p style=\"text-align: justify\"><span style=\"font-family: arial, helvetica, sans-serif\">Sin duda, y desde mi punto de vista, esta fue la pel\u00edcula del a\u00f1o en 2017. La historia de esa madre coraje (<b>Frances McDormand<\/b><em>,\u00a0<\/em>merecid\u00edsimo Oscar), cuya hija adolescente ha sido violada y asesinada, y decide iniciar una particular cruzada contra la polic\u00eda de su pueblo, al considerar que no hacen lo suficiente para resolver el caso y que se haga justicia.<\/span><\/p>\n<p><span style=\"font-family: arial, helvetica, sans-serif\"><img loading=\"lazy\" decoding=\"async\" src=\"http:\/\/www.gifss.com\/profesiones\/cantantes\/cant6.gif\" width=\"91\" height=\"89\" align=\"middle\" \/>\u00a0<\/span><span style=\"color: #0000ff\"><strong><span style=\"font-family: arial, helvetica, sans-serif\">\u00d3pera:\u00a0\u201cMartha\u201d de Friedrich Von Flotow.<\/span><img loading=\"lazy\" decoding=\"async\" class=\"alignleft\" src=\"https:\/\/upload.wikimedia.org\/wikipedia\/commons\/thumb\/e\/e5\/Flotow.jpg\/266px-Flotow.jpg\" width=\"180\" height=\"180\" \/><\/strong><\/span><\/p>\n<p style=\"text-align: justify\"><span style=\"font-family: arial, helvetica, sans-serif\">La\u00a0deliciosa romanza para soprano del segundo acto de esta \u00f3pera de <b>Flotow<\/b> (Grand-\u00d3pera), llamada \u201cThe Last Rose of Summer\u201d, suena de modo vibrante acompa\u00f1ando esas primeras im\u00e1genes de unos carteles ruinosos sobre un prado verde. <\/span><\/p>\n<p style=\"text-align: justify\"><span style=\"font-family: arial, helvetica, sans-serif\">La gran soprano\u00a0<b>Ren\u00e9e Fleming<\/b>\u00a0es la int\u00e9rprete. Maravillosa.<\/span><\/p>\n\n<!-- iframe plugin v.6.0 wordpress.org\/plugins\/iframe\/ -->\n<iframe loading=\"lazy\" width=\"560\" height=\"315\" src=\"https:\/\/www.youtube.com\/embed\/gKS7o7px9g4\" scrolling=\"yes\" class=\"iframe-class\" frameborder=\"0\"><\/iframe>\n\n<p style=\"text-align: justify\"><span style=\"font-family: arial, helvetica, sans-serif\">Espero que os haya gustado el post,\u00a0 sin duda hay much\u00edsimas m\u00e1s \u00f3peras y secuencias, pero las que he seleccionado deben conocerse, sobre todo teniendo en cuenta la importancia de cada una de ellas.<\/span><\/p>\n<p style=\"text-align: justify\"><span style=\"font-family: arial, helvetica, sans-serif\">Nos vemos en la \u00f3pera!!!!<\/span><\/p>\n<p style=\"text-align: center\"><strong><span style=\"color: #0000ff;font-family: arial, helvetica, sans-serif\">ACTIVIDAD<\/span><img loading=\"lazy\" decoding=\"async\" class=\"alignnone  wp-image-5785\" src=\"http:\/\/edublog.educastur.es\/unamusicadecine\/files\/2022\/01\/avatar-300x300.png\" alt=\"\" width=\"127\" height=\"127\" \/><\/strong><\/p>\n<ol>\n<li style=\"text-align: justify\"><span style=\"font-family: arial, helvetica, sans-serif\"><strong>Explica la diferencia entre m\u00fasica dieg\u00e9tica y no dieg\u00e9tica en el cine. Pon un ejemplo de cada uno.<\/strong><\/span><\/li>\n<li style=\"text-align: justify\"><span style=\"font-family: arial, helvetica, sans-serif\"><strong>Se\u00f1ala el t\u00edtulo y autor de la \u00f3pera que aparece en el post de la etapa del <u>Bel Canto<\/u>. Nombre de la pel\u00edcula.<br \/>\n<\/strong><\/span><\/li>\n<li style=\"text-align: justify\"><span style=\"font-family: arial, helvetica, sans-serif\"><strong>Se\u00f1ala las dos \u00f3peras que aparecen en el post del <u>Romanticismo alem\u00e1n<\/u>. T\u00edtulo y autor de las \u00f3peras. Nombre de las pel\u00edculas. \u00bfEn cu\u00e1l de ellas la m\u00fasica tiene un significado m\u00e1s tr\u00e1gico? Expl\u00edcalo.<\/strong><\/span><\/li>\n<li style=\"text-align: justify\"><span style=\"font-family: arial, helvetica, sans-serif\"><strong>\u00bfQu\u00e9 \u00f3pera se escucha en la pel\u00edcula \u201cPretty Woman\u201d? \u00bfqui\u00e9n es el compositor? \u00bfqu\u00e9 emociones produce la m\u00fasica en la protagonista?.<\/strong><\/span><\/li>\n<li style=\"text-align: justify\"><span style=\"font-family: arial, helvetica, sans-serif\"><strong>\u00bfQu\u00e9 compositor de <u>operetas<\/u> aparece en el post? T\u00edtulo de la \u00f3pera que aparece. La \u00f3pera se escucha en dos momentos muy diferentes de la pel\u00edcula, explica el significado de la m\u00fasica en cada uno. Nombre de la pel\u00edcula. Premios que obtuvo.<\/strong><\/span><\/li>\n<li style=\"text-align: justify\"><span style=\"font-family: arial, helvetica, sans-serif\"><strong>\u00bfQu\u00e9 compositor de grand-\u00f3pera aparece en el post? T\u00edtulo de la pel\u00edcula y de la \u00f3pera que se escucha. Explica lo que aporta la m\u00fasica a la escena.<\/strong><\/span><\/li>\n<li style=\"text-align: justify\"><span style=\"font-family: arial, helvetica, sans-serif\"><strong>\u00bfQu\u00e9 pel\u00edcula del post obtuvo el \u00d3scar a la Mejor Pel\u00edcula Extranjera en 2004? \u00bfQu\u00e9 \u00f3pera se escucha en la escena? \u00bfQui\u00e9n es el autor? \u00bfcu\u00e1l es el significado de la m\u00fasica en la escena? Enumera otra pel\u00edcula del post que tambi\u00e9n usa la m\u00fasica de ese compositor. \u00bfCu\u00e1l es la \u00f3pera que aparece?<\/strong><\/span><\/li>\n<li style=\"text-align: justify\"><span style=\"font-family: arial, helvetica, sans-serif\"><strong>\u00bfQu\u00e9 pel\u00edcula del post se centra en una familia de la mafia? \u00bfQu\u00e9 \u00f3pera se escucha en la escena? \u00bfQui\u00e9n es el autor? \u00bfQu\u00e9 sentimientos aporta la m\u00fasica a la escena?<\/strong><\/span><\/li>\n<li style=\"text-align: justify\"><span style=\"font-family: arial, helvetica, sans-serif\"><strong>Hay dos \u00f3peras que aparecen en el post que no pertenecen al romanticismo \u00bfCu\u00e1les son? \u00bfA qu\u00e9 \u00e9poca pertencen?<br \/>\n<\/strong><\/span><\/li>\n<li style=\"text-align: justify\"><span style=\"font-family: arial, helvetica, sans-serif\"><strong>Elige una \u00f3pera de las que aparecen en el post e investiga sobre ella: t\u00edtulo, autor, \u00e9poca, argumento de la \u00f3pera, autor del libreto, y otras \u00f3peras que haya compuesto ese autor.<\/strong><\/span><\/li>\n<li style=\"text-align: justify\"><span style=\"font-family: arial, helvetica, sans-serif\"><strong>Busca e investiga alg\u00fan ejemplo de secuencia de cine donde se escuche (o se vea) una \u00f3pera. Explica si es m\u00fasica dieg\u00e9tica o no. Pon el enlace (link) de youtube. Indica el t\u00edtulo de la pel\u00edcula, el nombre de la \u00f3pera, su autor y la \u00e9poca a la que pertenece. Si pones una de las \u00f3peras del post no ser\u00e1 v\u00e1lida la respuesta.<\/strong><\/span><\/li>\n<li style=\"text-align: justify\"><span style=\"font-family: arial, helvetica, sans-serif\"><strong>\u00bfTe ha parecido interesante el post? explica lo que te ha aportado.<\/strong><\/span><\/li>\n<\/ol>\n","protected":false},"excerpt":{"rendered":"<p>En 2\u00ba de ESO hemos empezado el tema de Romanticismo y c\u00f3mo vamos a hablar de la \u00f3pera rom\u00e1ntica, he hecho un post de pel\u00edculas que incluyen escenas donde se escuchan fragmentos de \u00f3peras. En ocasiones se ven las \u00f3peras en vivo (m\u00fasica dieg\u00e9tica)\u00a0y otras veces se oyen c\u00f3mo fondo sonoro (m\u00fasica no dieg\u00e9tica). \u00a0\u201cEl [&hellip;]<\/p>\n","protected":false},"author":334,"featured_media":0,"comment_status":"open","ping_status":"open","sticky":false,"template":"","format":"standard","meta":{"footnotes":""},"categories":[4,9],"tags":[],"class_list":["post-997","post","type-post","status-publish","format-standard","hentry","category-evolucion-de-la-musica-de-cine","category-musica-prestada-al-cine"],"_links":{"self":[{"href":"https:\/\/edublog.educastur.es\/unamusicadecine\/wp-json\/wp\/v2\/posts\/997","targetHints":{"allow":["GET"]}}],"collection":[{"href":"https:\/\/edublog.educastur.es\/unamusicadecine\/wp-json\/wp\/v2\/posts"}],"about":[{"href":"https:\/\/edublog.educastur.es\/unamusicadecine\/wp-json\/wp\/v2\/types\/post"}],"author":[{"embeddable":true,"href":"https:\/\/edublog.educastur.es\/unamusicadecine\/wp-json\/wp\/v2\/users\/334"}],"replies":[{"embeddable":true,"href":"https:\/\/edublog.educastur.es\/unamusicadecine\/wp-json\/wp\/v2\/comments?post=997"}],"version-history":[{"count":31,"href":"https:\/\/edublog.educastur.es\/unamusicadecine\/wp-json\/wp\/v2\/posts\/997\/revisions"}],"predecessor-version":[{"id":6562,"href":"https:\/\/edublog.educastur.es\/unamusicadecine\/wp-json\/wp\/v2\/posts\/997\/revisions\/6562"}],"wp:attachment":[{"href":"https:\/\/edublog.educastur.es\/unamusicadecine\/wp-json\/wp\/v2\/media?parent=997"}],"wp:term":[{"taxonomy":"category","embeddable":true,"href":"https:\/\/edublog.educastur.es\/unamusicadecine\/wp-json\/wp\/v2\/categories?post=997"},{"taxonomy":"post_tag","embeddable":true,"href":"https:\/\/edublog.educastur.es\/unamusicadecine\/wp-json\/wp\/v2\/tags?post=997"}],"curies":[{"name":"wp","href":"https:\/\/api.w.org\/{rel}","templated":true}]}}